{"id":53618,"date":"2025-09-09T17:29:38","date_gmt":"2025-09-09T16:29:38","guid":{"rendered":"https:\/\/sunnysteve.com\/o-guia-definitivo-para-a-educacao-em-lagos-e-no-algarve-ocidental-encontrando-a-opcao-perfeita-para-a-sua-familia\/"},"modified":"2026-09-05T08:24:42","modified_gmt":"2026-09-05T07:24:42","slug":"guia-escolas-lagos-barlavento-algarvio","status":"publish","type":"post","link":"https:\/\/sunnysteve.com\/pt-pt\/guia-escolas-lagos-barlavento-algarvio\/","title":{"rendered":"O Guia Definitivo de Ensino em Lagos e no Barlavento Algarvio: A Op\u00e7\u00e3o Perfeita para a Sua Fam\u00edlia"},"content":{"rendered":"\n<p class=\"wp-block-paragraph\">Escolher a escola certa \u00e9 uma das decis\u00f5es mais importantes para qualquer fam\u00edlia, especialmente para quem est\u00e1 a mudar-se para o estrangeiro. Portugal \u00e9 uma excelente escolha, reconhecido pela sua elevada qualidade de vida, seguran\u00e7a e por um n\u00famero crescente de excelentes escolas internacionais. Para as fam\u00edlias que est\u00e3o a considerar a mudan\u00e7a, o Algarve, com as suas praias deslumbrantes e a comunidade de expatriados acolhedora, \u00e9 um destino de topo. Este guia vai ajud\u00e1-lo a orientar-se no panorama educativo, com foco nas melhores op\u00e7\u00f5es na regi\u00e3o de Lagos e do Barlavento Algarvio.<\/p>\n\n\n\n<h2 class=\"wp-block-heading\">Compreender o Sistema de Ensino Portugu\u00eas<\/h2>\n\n\n\n<p class=\"wp-block-paragraph\">O sistema nacional de ensino em Portugal \u00e9 abrangente, mas para as fam\u00edlias internacionais, uma considera\u00e7\u00e3o fundamental \u00e9 a l\u00edngua de ensino. Embora as escolas p\u00fablicas portuguesas e a maioria das escolas privadas ensinem principalmente em portugu\u00eas, o <strong>Algarve oferece uma ampla variedade de escolas internacionais<\/strong> vocacionadas para fam\u00edlias expatriadas. Estas escolas proporcionam um ambiente multicultural e seguem frequentemente curr\u00edculos brit\u00e2nico, americano ou do Bacharelato Internacional (IB), com aulas lecionadas em ingl\u00eas, franc\u00eas, alem\u00e3o ou outras l\u00ednguas. As fam\u00edlias que est\u00e3o a ponderar onde viver enquanto os filhos frequentam a escola perguntam-me muitas vezes sobre <a href=\"https:\/\/sunnysteve.com\/pt-pt\/praia-da-luz-portugal-guia-comprador-expatriado\/\">Praia da Luz<\/a>, que fica a uma dist\u00e2ncia confort\u00e1vel da maioria das escolas abaixo indicadas e tem uma forte comunidade internacional durante todo o ano.<\/p>\n\n\n\n<p class=\"wp-block-paragraph\">O sistema de ensino est\u00e1 estruturado da seguinte forma:<\/p>\n\n\n\n<ul class=\"wp-block-list\">\n<li><strong>Pr\u00e9-Escolar (3 a 5 anos):<\/strong> <em>Ensino Pr\u00e9-Escolar<\/em><\/li>\n\n\n\n<li><strong>Ensino B\u00e1sico (6 a 10 anos):<\/strong> <em>1\u00ba Ciclo do Ensino B\u00e1sico<\/em><\/li>\n\n\n\n<li><strong>Ensino Secund\u00e1rio (11 a 18 anos):<\/strong> <em>2\u00ba, 3\u00ba Ciclo do Ensino B\u00e1sico e Ensino Secund\u00e1rio<\/em><\/li>\n<\/ul>\n\n\n\n<figure class=\"wp-block-table is-style-stripes\"><table class=\"has-fixed-layout\"><thead><tr><th class=\"has-text-align-center\" data-align=\"center\" colspan=\"7\">N\u00edvel de Ensino<\/th><th class=\"has-text-align-center\" data-align=\"center\" colspan=\"5\">Idade<\/th><\/tr><\/thead><tbody><tr><td class=\"has-text-align-center\" data-align=\"center\" colspan=\"7\">Creche (Infant\u00e1rio)<\/td><td class=\"has-text-align-center\" data-align=\"center\" colspan=\"5\">0-2<\/td><\/tr><tr><td class=\"has-text-align-center\" data-align=\"center\" colspan=\"7\">Jardim de Inf\u00e2ncia<\/td><td class=\"has-text-align-center\" data-align=\"center\" colspan=\"5\">3-5<\/td><\/tr><tr><th class=\"has-text-align-center\" data-align=\"center\" colspan=\"7\">Ensino B\u00e1sico 1\u00ba Ciclo (Ensino B\u00e1sico 1\u00ba Ciclo)<\/th><th class=\"has-text-align-center\" data-align=\"center\" colspan=\"5\"><\/th><\/tr><tr><td class=\"has-text-align-center\" data-align=\"center\" colspan=\"7\">1\u00ba ano<\/td><td class=\"has-text-align-center\" data-align=\"center\" colspan=\"5\">6-7<\/td><\/tr><tr><td class=\"has-text-align-center\" data-align=\"center\" colspan=\"7\">2\u00ba ano<\/td><td class=\"has-text-align-center\" data-align=\"center\" colspan=\"5\">7-8<\/td><\/tr><tr><td class=\"has-text-align-center\" data-align=\"center\" colspan=\"7\">3\u00ba ano<\/td><td class=\"has-text-align-center\" data-align=\"center\" colspan=\"5\">8-9<\/td><\/tr><tr><td class=\"has-text-align-center\" data-align=\"center\" colspan=\"7\">4\u00ba ano<\/td><td class=\"has-text-align-center\" data-align=\"center\" colspan=\"5\">9-10<\/td><\/tr><tr><th class=\"has-text-align-center\" data-align=\"center\" colspan=\"7\">Ensino B\u00e1sico 2\u00ba Ciclo (Ensino B\u00e1sico 2\u00ba Ciclo)<\/th><th class=\"has-text-align-center\" data-align=\"center\" colspan=\"5\"><\/th><\/tr><tr><td class=\"has-text-align-center\" data-align=\"center\" colspan=\"7\">5\u00ba ano<\/td><td class=\"has-text-align-center\" data-align=\"center\" colspan=\"5\">10-11<\/td><\/tr><tr><td class=\"has-text-align-center\" data-align=\"center\" colspan=\"7\">6\u00ba ano<\/td><td class=\"has-text-align-center\" data-align=\"center\" colspan=\"5\">11-12<\/td><\/tr><tr><th class=\"has-text-align-center\" data-align=\"center\" colspan=\"7\">Ensino B\u00e1sico 3\u00ba Ciclo (Ensino B\u00e1sico 3\u00ba Ciclo)<\/th><th class=\"has-text-align-center\" data-align=\"center\" colspan=\"5\"><\/th><\/tr><tr><td class=\"has-text-align-center\" data-align=\"center\" colspan=\"7\">7\u00ba ano<\/td><td class=\"has-text-align-center\" data-align=\"center\" colspan=\"5\">12-13<\/td><\/tr><tr><td class=\"has-text-align-center\" data-align=\"center\" colspan=\"7\">8\u00ba ano<\/td><td class=\"has-text-align-center\" data-align=\"center\" colspan=\"5\">13-14<\/td><\/tr><tr><td class=\"has-text-align-center\" data-align=\"center\" colspan=\"7\">9\u00ba ano<\/td><td class=\"has-text-align-center\" data-align=\"center\" colspan=\"5\">14-15<\/td><\/tr><tr><th class=\"has-text-align-center\" data-align=\"center\" colspan=\"7\">Ensino Secund\u00e1rio (Ensino Secund\u00e1rio)<\/th><th class=\"has-text-align-center\" data-align=\"center\" colspan=\"5\"><\/th><\/tr><tr><td class=\"has-text-align-center\" data-align=\"center\" colspan=\"7\">10\u00ba ano<\/td><td class=\"has-text-align-center\" data-align=\"center\" colspan=\"5\">15-16<\/td><\/tr><tr><td class=\"has-text-align-center\" data-align=\"center\" colspan=\"7\">11\u00ba ano<\/td><td class=\"has-text-align-center\" data-align=\"center\" colspan=\"5\">16-17<\/td><\/tr><tr><td class=\"has-text-align-center\" data-align=\"center\" colspan=\"7\">12\u00ba ano<\/td><td class=\"has-text-align-center\" data-align=\"center\" colspan=\"5\">17-18<\/td><\/tr><\/tbody><\/table><\/figure>\n\n\n\n<figure class=\"wp-block-image size-full\"><a href=\"https:\/\/maps.app.goo.gl\/vFpCr8q7HRsATSPX7\"><img loading=\"lazy\" decoding=\"async\" width=\"1200\" height=\"800\" src=\"https:\/\/sunnysteve.com\/wp-content\/uploads\/2025\/09\/School-and-Nursery-map-in-the-Western-Algrave.jpeg\" alt=\"\" class=\"wp-image-53056\"\/><\/a><figcaption class=\"wp-element-caption\">#image_title<\/figcaption><\/figure>\n\n\n\n<h2 class=\"wp-block-heading\">Primeiros Passos: Op\u00e7\u00f5es de Creche e Infant\u00e1rio para os Mais Pequenos<\/h2>\n\n\n\n<p class=\"wp-block-paragraph\">Para fam\u00edlias com beb\u00e9s e crian\u00e7as pequenas, a primeira considera\u00e7\u00e3o educativa \u00e9 normalmente encontrar uma creche (<em>creche<\/em>) ou infant\u00e1rio (<em>infant\u00e1rio<\/em>) de confian\u00e7a e acolhedor. Portugal oferece uma variedade de op\u00e7\u00f5es, desde instala\u00e7\u00f5es subsidiadas pelo Estado at\u00e9 infant\u00e1rios privados, bilingues e internacionais.<\/p>\n\n\n\n<ul class=\"wp-block-list\">\n<li><strong>Creches P\u00fablicas:<\/strong> S\u00e3o frequentemente muito acess\u00edveis ou at\u00e9 gratuitas, mas as vagas podem ser limitadas, e a l\u00edngua de ensino \u00e9 o portugu\u00eas. S\u00e3o uma excelente forma de as crian\u00e7as muito pequenas se integrarem na l\u00edngua e na cultura locais.<\/li>\n\n\n\n<li><strong>Infant\u00e1rios Privados:<\/strong> Muitos infant\u00e1rios e pr\u00e9-escolas privados no Algarve est\u00e3o vocacionados para a comunidade internacional, oferecendo ambientes bilingues (frequentemente portugu\u00eas e ingl\u00eas) e v\u00e1rias abordagens pedag\u00f3gicas. Estes oferecem mais flexibilidade e t\u00eam frequentemente um forte enfoque em programas de desenvolvimento na primeira inf\u00e2ncia.<\/li>\n<\/ul>\n\n\n\n<p class=\"wp-block-paragraph\">Ao procurar op\u00e7\u00f5es de creche ou infant\u00e1rio na \u00e1rea de Lagos e do Barlavento Algarvio, \u00e9 aconselh\u00e1vel visitar as instala\u00e7\u00f5es, informar-se sobre os programas espec\u00edficos para diferentes faixas et\u00e1rias (desde poucos meses at\u00e9 aos 3 anos) e compreender as suas rotinas di\u00e1rias e filosofias pedag\u00f3gicas. A inscri\u00e7\u00e3o antecipada \u00e9 frequentemente recomendada devido \u00e0 elevada procura.<\/p>\n\n\n\n<h3 class=\"wp-block-heading\">Op\u00e7\u00f5es Privadas e Cooperativas<\/h3>\n\n\n\n<p class=\"wp-block-paragraph\">Estas institui\u00e7\u00f5es t\u00eam frequentemente listas de espera mais curtas e podem oferecer abordagens pedag\u00f3gicas bilingues ou especializadas.<\/p>\n\n\n\n<ul class=\"wp-block-list\">\n<li><strong><a href=\"https:\/\/maps.app.goo.gl\/HcT5ank7WHQU56kh6\" title=\"\">Jardim Infantil da Torraltinha<\/a>:<\/strong>\n<ul class=\"wp-block-list\">\n<li><strong>Localiza\u00e7\u00e3o:<\/strong> Urbaniza\u00e7\u00e3o da Torraltinha, Lagos<\/li>\n\n\n\n<li><strong>Detalhes:<\/strong> Um jardim de inf\u00e2ncia e creche privado que \u00e9 uma op\u00e7\u00e3o popular numa zona central de Lagos.<\/li>\n<\/ul>\n<\/li>\n\n\n\n<li><strong><a href=\"https:\/\/colegiobambino.com\/\" title=\"\">Col\u00e9gio Bambino<\/a>:<\/strong>\n<ul class=\"wp-block-list\">\n<li><strong>Localiza\u00e7\u00e3o:<\/strong> Urbaniza\u00e7\u00e3o da Atalaia, Lagos<\/li>\n\n\n\n<li><strong>Detalhes:<\/strong> Uma escola privada com uma longa hist\u00f3ria em Lagos, que oferece creche e pr\u00e9-escola desde tenra idade. Tem uma abordagem hol\u00edstica e orientada para a fam\u00edlia.<\/li>\n<\/ul>\n<\/li>\n\n\n\n<li><strong><strong><a href=\"https:\/\/www.csgoncalo.pt\/\" title=\"\">Col\u00e9gio S\u00e3o Gon\u00e7alo<\/a><\/strong>:<\/strong>\n<ul class=\"wp-block-list\">\n<li><strong>Localiza\u00e7\u00e3o:<\/strong> Luz-Lagos<\/li>\n\n\n\n<li><strong>Detalhes:<\/strong> Uma escola bilingue privada que oferece servi\u00e7os de creche e infant\u00e1rio para crian\u00e7as dos <strong>4 meses aos 3 anos<\/strong>.<\/li>\n<\/ul>\n<\/li>\n\n\n\n<li><strong><a href=\"https:\/\/waldorfinfanciaviva.org\/\" title=\"\">Jardim de Inf\u00e2ncia Waldorf<\/a>:<\/strong>\n<ul class=\"wp-block-list\">\n<li><strong>Localiza\u00e7\u00e3o:<\/strong> Bar\u00e3o de S\u00e3o Jo\u00e3o, perto de Lagos<\/li>\n\n\n\n<li><strong>Detalhes:<\/strong> Este \u00e9 um jardim de inf\u00e2ncia privado que segue a filosofia pedag\u00f3gica Waldorf, com foco na aprendizagem criativa e baseada no brincar, num ambiente acolhedor.<\/li>\n<\/ul>\n<\/li>\n\n\n\n<li><strong><a href=\"https:\/\/maps.app.goo.gl\/XKrgWTmYn3QCH9tVA\" title=\"\">Jardim de Inf\u00e2ncia de Alvor<\/a>:<\/strong>\n<ul class=\"wp-block-list\">\n<li><strong>Localiza\u00e7\u00e3o:<\/strong> Alvor, Portim\u00e3o<\/li>\n\n\n\n<li><strong>Detalhes:<\/strong> Um jardim de inf\u00e2ncia privado muito procurado, situado mesmo \u00e0 sa\u00edda de Lagos, na bela vila costeira de Alvor.<\/li>\n<\/ul>\n<\/li>\n<\/ul>\n\n\n\n<h3 class=\"wp-block-heading\">Op\u00e7\u00f5es P\u00fablicas e Sem Fins Lucrativos<\/h3>\n\n\n\n<p class=\"wp-block-paragraph\">Estas fazem parte da rede p\u00fablica ou &#8220;solid\u00e1ria&#8221;, frequentemente geridas por organiza\u00e7\u00f5es locais de assist\u00eancia social. S\u00e3o altamente subsidiadas, mas devido \u00e0 elevada procura, pode haver listas de espera longas.<\/p>\n\n\n\n<ul class=\"wp-block-list\">\n<li><strong>EB1 e Jardim de Inf\u00e2ncia:<\/strong>\n<ul class=\"wp-block-list\">\n<li><strong>Localiza\u00e7\u00e3o:<\/strong> V\u00e1rios locais em toda a regi\u00e3o. Por exemplo, a EB1 da Luz situa-se no centro da Luz.<\/li>\n\n\n\n<li><strong>Detalhes:<\/strong> Esta \u00e9 uma institui\u00e7\u00e3o p\u00fablica que fornece servi\u00e7os de ensino b\u00e1sico (<em>EB1<\/em>) e jardim de inf\u00e2ncia (<em>Jardim de Inf\u00e2ncia<\/em>). \u00c9 uma excelente op\u00e7\u00e3o para fam\u00edlias que procuram uma educa\u00e7\u00e3o portuguesa aut\u00eantica, que \u00e9 oferecida gratuitamente.<\/li>\n<\/ul>\n<\/li>\n\n\n\n<li><strong>Centro Infantil de Odi\u00e1xere:<\/strong>\n<ul class=\"wp-block-list\">\n<li><strong>Localiza\u00e7\u00e3o:<\/strong> Odi\u00e1xere<\/li>\n\n\n\n<li><strong>Detalhes:<\/strong> Uma institui\u00e7\u00e3o p\u00fablica gerida pela Santa Casa da Miseric\u00f3rdia de Lagos, que oferece servi\u00e7os de creche para crian\u00e7as dos <strong>4 aos 36 meses<\/strong> de idade.<\/li>\n<\/ul>\n<\/li>\n\n\n\n<li><strong>Centro de Assist\u00eancia Social Lucinda Anino dos Santos (C.A.S.L.A.S.):<\/strong>\n<ul class=\"wp-block-list\">\n<li><strong>Localiza\u00e7\u00e3o:<\/strong> Esta organiza\u00e7\u00e3o gere v\u00e1rios centros infantis p\u00fablicos na \u00e1rea de Lagos, incluindo em <strong>Bensafrim, Chinicato, Luz e Santa Maria.<\/strong><\/li>\n\n\n\n<li><strong>Detalhes:<\/strong> Prestam servi\u00e7os de creche e pr\u00e9-escola e s\u00e3o uma parte essencial da rede p\u00fablica de ensino local.<\/li>\n<\/ul>\n<\/li>\n<\/ul>\n\n\n\n<figure class=\"wp-block-image size-full\"><img loading=\"lazy\" decoding=\"async\" width=\"1200\" height=\"800\" src=\"https:\/\/sunnysteve.com\/wp-content\/uploads\/2025\/09\/Portugal-Schools-2.png\" alt=\"\" class=\"wp-image-53038\"\/><figcaption class=\"wp-element-caption\">#image_title<\/figcaption><\/figure>\n\n\n\n<h2 class=\"wp-block-heading\">Escolas P\u00fablicas vs. Privadas em Portugal \ud83c\uddf5\ud83c\uddf9<\/h2>\n\n\n\n<p class=\"wp-block-paragraph\">Compreender a diferen\u00e7a entre os sistemas de ensino p\u00fablico e privado de Portugal \u00e9 fundamental para as fam\u00edlias internacionais.<\/p>\n\n\n\n<ul class=\"wp-block-list\">\n<li><strong>Escolas P\u00fablicas (<em>Escolas P\u00fablicas<\/em>):<\/strong> S\u00e3o gratuitas e fazem parte fundamental do sistema nacional de ensino portugu\u00eas. O curr\u00edculo \u00e9 lecionado em <strong>portugu\u00eas<\/strong>, o que pode ser desafiante para crian\u00e7as que ainda n\u00e3o falam a l\u00edngua. S\u00e3o uma excelente op\u00e7\u00e3o para fam\u00edlias que querem que os filhos se integrem plenamente na cultura e na l\u00edngua locais, embora frequentemente necessitem de apoio adicional para falantes n\u00e3o nativos.<\/li>\n\n\n\n<li><strong>Escolas Privadas e Internacionais (<em>Col\u00e9gios Privados<\/em>):<\/strong> S\u00e3o escolas pagas que oferecem uma ampla variedade de curr\u00edculos, mais frequentemente os sistemas brit\u00e2nico, americano ou do Bacharelato Internacional (IB). A l\u00edngua de ensino \u00e9 normalmente o ingl\u00eas, o que as torna uma escolha popular entre as fam\u00edlias expatriadas. T\u00eam frequentemente turmas mais pequenas, uma maior variedade de atividades extracurriculares e est\u00e3o orientadas para preparar os alunos para universidades em todo o mundo. &nbsp;<\/li>\n<\/ul>\n\n\n\n<h2 class=\"wp-block-heading\">Escolas P\u00fablicas em Lagos<\/h2>\n\n\n\n<p class=\"wp-block-paragraph\">Para as fam\u00edlias que procuram integrar-se na comunidade local e aproveitar o sistema nacional de ensino, o concelho de Lagos tem uma s\u00f3lida rede de escolas p\u00fablicas. Estas est\u00e3o geralmente agrupadas por idade e fazem frequentemente parte de &#8220;Agrupamentos de Escolas&#8221; mais alargados.<\/p>\n\n\n\n<ul class=\"wp-block-list\">\n<li><strong>Agrupamento de Escolas Gil Eanes:<\/strong> Este agrupamento inclui escolas desde o pr\u00e9-escolar at\u00e9 ao secund\u00e1rio, como a <strong>Escola B\u00e1sica das Naus<\/strong> e a <strong>Escola Secund\u00e1ria Gil Eanes<\/strong>. &nbsp;<\/li>\n\n\n\n<li><strong>Agrupamento de Escolas J\u00falio Dantas:<\/strong> Este agrupamento abrange tamb\u00e9m uma ampla faixa et\u00e1ria, com escolas como a <strong>Escola B\u00e1sica Tecnop\u00f3lis<\/strong> e a <strong>Escola Secund\u00e1ria J\u00falio Dantas<\/strong>. &nbsp;<\/li>\n\n\n\n<li><strong>Escola B\u00e1sica Centro Escolar da Luz:<\/strong> Situada na Praia da Luz, esta escola disponibiliza ensino pr\u00e9-escolar e prim\u00e1rio. &nbsp;<\/li>\n<\/ul>\n\n\n\n<p class=\"wp-block-paragraph\">Aqui fica a lista completa das escolas p\u00fablicas: <a href=\"https:\/\/www.cm-lagos.pt\/areas-de-atuacao\/educacao\/a-escola-por-dentro\/equipamentos-educativos\/534-estabelecimentos-de-ensino-da-rede-publica\" title=\"\">Link<\/a><\/p>\n\n\n\n<p class=\"wp-block-paragraph\">Estas escolas oferecem um curr\u00edculo completo e s\u00e3o bem apoiadas pelo governo local, conforme detalhado no site da C\u00e2mara Municipal de Lagos.<\/p>\n\n\n\n<h2 class=\"wp-block-heading\">Melhores Escolas Internacionais no Barlavento Algarvio<\/h2>\n\n\n\n<p class=\"wp-block-paragraph\">O Barlavento Algarvio \u00e9 o lar de algumas das mais prestigiadas escolas internacionais de Portugal, muitas das quais est\u00e3o convenientemente localizadas para quem vive em Lagos ou nas proximidades.<\/p>\n\n\n\n<ul class=\"wp-block-list\">\n<li><strong><a href=\"https:\/\/www.csgoncalo.pt\/\" title=\"\">Col\u00e9gio S\u00e3o Gon\u00e7alo<\/a> (Luz):<\/strong> Situado na aldeia da Luz, esta escola segue o <strong>curr\u00edculo nacional portugu\u00eas<\/strong>, oferecendo tamb\u00e9m um forte enfoque na aprendizagem de l\u00ednguas, incluindo ingl\u00eas e outras l\u00ednguas. \u00c9 uma escolha ideal para fam\u00edlias que procuram um ambiente local e comunit\u00e1rio com um elevado n\u00edvel de ensino. Para informa\u00e7\u00f5es sobre bolsas, \u00e9 aconselh\u00e1vel contactar diretamente a escola, uma vez que esta informa\u00e7\u00e3o n\u00e3o \u00e9 divulgada publicamente. <strong>Aceita alunos dos 0 aos 10 anos.<\/strong><br><\/li>\n\n\n\n<li><strong><a href=\"https:\/\/www.vvis.org\/\" title=\"\">Vale Verde International School<\/a> (Burgau):<\/strong> Uma escola bem estabelecida situada em Burgau, a uma curta dist\u00e2ncia de carro de Lagos. A Vale Verde oferece um curr\u00edculo brit\u00e2nico para alunos <strong>dos 5 aos 18 anos<\/strong>, culminando em <strong>IGCSEs e A-Levels<\/strong>. O seu ambiente familiar e de menor dimens\u00e3o, aliado a um forte enfoque acad\u00e9mico, torna-a muito popular entre as fam\u00edlias locais. Como em muitas escolas, a informa\u00e7\u00e3o sobre bolsas \u00e9 tratada caso a caso. &nbsp;<br><\/li>\n\n\n\n<li><strong><a href=\"https:\/\/barlavento-international.org\/\" title=\"\">Barlavento International Primary School<\/a> (Luz):<\/strong> Esta escola, tamb\u00e9m perto da Luz, \u00e9 vocacionada especificamente para <strong>crian\u00e7as em idade prim\u00e1ria (5 a 11 anos)<\/strong> e \u00e9 uma \u00f3tima op\u00e7\u00e3o para os alunos mais novos. \u00c9 conhecida pelo seu ambiente familiar e acolhedor e segue um curr\u00edculo brit\u00e2nico. &nbsp;<br><\/li>\n\n\n\n<li><strong><a href=\"https:\/\/www.nobelalgarve.com\/\" title=\"\">Nobel Algarve British International School<\/a> (Lagoa):<\/strong> Com campus em Lagoa e Almancil, a Nobel recebe alunos dos 3 aos 18 anos. \u00c9 o maior e mais consolidado grupo de escolas privadas da regi\u00e3o. Oferece o curr\u00edculo brit\u00e2nico completo, incluindo IGCSEs e A-Levels, bem como o Diploma do Bacharelato Internacional (IB). Para maior comodidade, a escola disponibiliza um extenso servi\u00e7o de autocarro escolar que cobre o Barlavento Algarvio, de Faro at\u00e9 \u00e0 Praia da Luz.<br><\/li>\n\n\n\n<li><strong><a href=\"https:\/\/aljezur-international.org\/\" title=\"\">Aljezur International School<\/a> (Aljezur):<\/strong> Situada numa zona tranquila da costa oeste, esta escola recebe crian\u00e7as dos <strong>11 aos 18<\/strong> anos e oferece um curr\u00edculo brit\u00e2nico personalizado, com um forte enfoque na criatividade e na liga\u00e7\u00e3o ao ambiente. As suas turmas mais pequenas e o ambiente descontra\u00eddo tornam-na uma escolha ideal para fam\u00edlias nas zonas de Aljezur, Sagres ou Costa Vicentina.<\/li>\n<\/ul>\n\n\n\n<figure class=\"wp-block-image size-full\"><img loading=\"lazy\" decoding=\"async\" width=\"1200\" height=\"800\" src=\"https:\/\/sunnysteve.com\/wp-content\/uploads\/2025\/09\/Portugal-Schools-3.png\" alt=\"\" class=\"wp-image-53039\"\/><figcaption class=\"wp-element-caption\">#image_title<\/figcaption><\/figure>\n\n\n\n<h2 class=\"wp-block-heading\">Abordagens Alternativas ao Ensino<\/h2>\n\n\n\n<p class=\"wp-block-paragraph\">Para al\u00e9m dos modelos escolares tradicionais, o Algarve oferece tamb\u00e9m excelentes filosofias educativas alternativas, com foco no desenvolvimento hol\u00edstico e em percursos de aprendizagem n\u00e3o tradicionais.<\/p>\n\n\n\n<ul class=\"wp-block-list\">\n<li>As <strong>escolas Montessori<\/strong> no Algarve, como a <a href=\"https:\/\/edenmontessori.pt\/\" title=\"\">Eden Montessori International School em Albufeira<\/a>, recebem geralmente crian\u00e7as mais novas, tipicamente dos <strong>3 aos 12 anos<\/strong>. Esta abordagem \u00e9 ideal para fam\u00edlias que valorizam um ambiente de aprendizagem centrado na crian\u00e7a, pr\u00e1tico, que promove a independ\u00eancia e o gosto por aprender.<\/li>\n\n\n\n<li>As <strong>escolas Waldorf<\/strong> proporcionam uma educa\u00e7\u00e3o que integra compet\u00eancias intelectuais, art\u00edsticas e pr\u00e1ticas. A <strong><a href=\"https:\/\/www.escolawaldorfaoliveira.org\/en\/index.html\" title=\"\">Escola Waldorf a Oliveira<\/a><\/strong> local, situada em Vila do Bispo, oferece um curr\u00edculo do <strong>1\u00ba ao 8\u00ba ano<\/strong> (aproximadamente dos 6 aos 14 anos), com um forte enfoque numa abordagem criativa e sem manuais escolares, e a <a href=\"https:\/\/waldorfinfanciaviva.org\" title=\"\">Waldorf Inf\u00e2ncia Viva<\/a> em Bar\u00e3o de S\u00e3o Jo\u00e3o, para os mais pequenos.<\/li>\n\n\n\n<li>Para quem procura a m\u00e1xima flexibilidade, a <strong><a href=\"https:\/\/bravegenerationacademy.com\/\" title=\"\">Brave Generation Academy (BGA)<\/a><\/strong> \u00e9 perfeita. O seu modelo h\u00edbrido oferece ensino secund\u00e1rio para alunos a partir dos <strong>12 anos<\/strong>, combinando ensino online com espa\u00e7os presenciais de conv\u00edvio social. Isto permite aos alunos dedicarem-se a paix\u00f5es como o surf ou as viagens, ao mesmo tempo que obt\u00eam qualifica\u00e7\u00f5es reconhecidas internacionalmente.<\/li>\n<\/ul>\n\n\n\n<p class=\"wp-block-paragraph\">Estas op\u00e7\u00f5es demonstram o panorama educativo rico e variado dispon\u00edvel para as fam\u00edlias que se mudam para o Algarve, garantindo que consegue encontrar uma escola verdadeiramente alinhada com os valores da sua fam\u00edlia e o estilo de aprendizagem do seu filho.<\/p>\n\n\n\n<h2 class=\"wp-block-heading\">Conclus\u00e3o: Encontrar a Op\u00e7\u00e3o Perfeita para a Sua Fam\u00edlia no Algarve<\/h2>\n\n\n\n<p class=\"wp-block-paragraph\">Escolher uma escola \u00e9 o primeiro passo na jornada de uma fam\u00edlia rumo a uma nova vida e, no Algarve, tem uma vasta oferta \u00e0 sua disposi\u00e7\u00e3o. Desde a imers\u00e3o total do sistema de ensino p\u00fablico at\u00e9 \u00e0s diversas e reconhecidas escolas internacionais, existe um ambiente educativo perfeito para cada crian\u00e7a. Como especialista imobili\u00e1rio em Lagos e no Barlavento Algarvio, o meu objetivo \u00e9 ajud\u00e1-lo a encontrar n\u00e3o apenas uma casa, mas um lar onde a sua fam\u00edlia possa prosperar. Se est\u00e1 a considerar uma mudan\u00e7a e tem quest\u00f5es sobre zonas, comunidades ou im\u00f3veis perto das escolas da sua prefer\u00eancia, n\u00e3o hesite em contactar-me. Podemos trabalhar em conjunto para encontrar um im\u00f3vel que complemente perfeitamente as necessidades educativas e de estilo de vida da sua fam\u00edlia, neste belo recanto do mundo.<\/p>\n\n\n\n<ul class=\"wp-block-list\">\n<li><a href=\"https:\/\/sunnysteve.com\/pt-pt\/\" title=\"\">Procura aconselhamento especializado na compra de um im\u00f3vel em Lagos?<\/a><\/li>\n\n\n\n<li><a href=\"https:\/\/sunnysteve.com\/pt-pt\/resultados-da-pesquisa\/?bedrooms=&#038;min-price=&#038;max-price=&#038;property_id=&#038;feature%5B%5D=rental-investment&#038;feature%5B%5D=swimming-pool\" title=\"\">Uma sele\u00e7\u00e3o dos nossos melhores im\u00f3veis para &#8220;Rendimento de Arrendamento&#8221; em Lagos<\/a><\/li>\n\n\n\n<li><a href=\"https:\/\/sunnysteve.com\/pt-pt\/propriedades\/\" title=\"\">Uma sele\u00e7\u00e3o dos melhores im\u00f3veis em Lagos, Algarve<\/a><\/li>\n\n\n\n<li><a href=\"https:\/\/sunnysteve.com\/pt-pt\/guia-do-comprador-o-teu-guia-definitivo-para-comprar-imoveis-em-portugal\/\" title=\"\">O &#8220;Guia do Comprador&#8221;: tudo o que precisa de saber para comprar um im\u00f3vel em Portugal<\/a><\/li>\n\n\n\n<li><a href=\"https:\/\/sunnysteve.com\/sellwithsteve\/\" title=\"\">Est\u00e1 a pensar vender o seu im\u00f3vel? &gt; Venda Com o Steve<\/a><\/li>\n<\/ul>\n\n\n\n<p class=\"wp-block-paragraph\"><\/p>\n","protected":false},"excerpt":{"rendered":"<p>Um guia completo \u00e0s escolas de Lagos e do Barlavento Algarvio: creches, ensino p\u00fablico portugu\u00eas e as principais escolas internacionais, para ajudar a sua fam\u00edlia a encontrar a op\u00e7\u00e3o certa.<\/p>\n","protected":false},"author":6,"featured_media":53037,"comment_status":"closed","ping_status":"closed","sticky":false,"template":"","format":"standard","meta":{"footnotes":""},"categories":[408],"tags":[],"class_list":["post-53618","post","type-post","status-publish","format-standard","has-post-thumbnail","hentry","category-estilo-de-vida"],"aioseo_notices":[],"aioseo_head":"\n\t\t<!-- All in One SEO 5.0.1.1 - aioseo.com -->\n\t<meta name=\"description\" content=\"Um guia completo \u00e0s escolas de Lagos e do Barlavento Algarvio: creches, ensino p\u00fablico portugu\u00eas e as principais escolas internacionais, para ajudar a sua fam\u00edlia a encontrar a op\u00e7\u00e3o certa.\" \/>\n\t<meta name=\"robots\" content=\"max-image-preview:large\" \/>\n\t<meta name=\"author\" content=\"Steve Marqu\u00e9\"\/>\n\t<meta name=\"google-site-verification\" content=\"6Spa-o41CcNSMq81uVrBXskB-BVQKssFNgXlgComdWc\" \/>\n\t<link rel=\"canonical\" href=\"https:\/\/sunnysteve.com\/pt-pt\/guia-escolas-lagos-barlavento-algarvio\/\" \/>\n\t<meta name=\"generator\" content=\"All in One SEO (AIOSEO) 5.0.1.1\" \/>\n\t\t<meta property=\"og:locale\" content=\"pt_PT\" \/>\n\t\t<meta property=\"og:site_name\" content=\"SunnySteve | Lagos and Western Algarve Real Estate \u00bb We help International buyers find home in the Algarve\" \/>\n\t\t<meta property=\"og:type\" content=\"article\" \/>\n\t\t<meta property=\"og:title\" content=\"O Guia Definitivo de Ensino em Lagos e no Barlavento Algarvio: A Op\u00e7\u00e3o Perfeita para a Sua Fam\u00edlia\" \/>\n\t\t<meta property=\"og:description\" content=\"Um guia completo \u00e0s escolas de Lagos e do Barlavento Algarvio: creches, ensino p\u00fablico portugu\u00eas e as principais escolas internacionais, para ajudar a sua fam\u00edlia a encontrar a op\u00e7\u00e3o certa.\" \/>\n\t\t<meta property=\"og:url\" content=\"https:\/\/sunnysteve.com\/pt-pt\/guia-escolas-lagos-barlavento-algarvio\/\" \/>\n\t\t<meta property=\"og:image\" content=\"https:\/\/sunnysteve.com\/wp-content\/uploads\/2025\/09\/Portugal-Schools-1.png\" \/>\n\t\t<meta property=\"og:image:secure_url\" content=\"https:\/\/sunnysteve.com\/wp-content\/uploads\/2025\/09\/Portugal-Schools-1.png\" \/>\n\t\t<meta property=\"og:image:width\" content=\"1200\" \/>\n\t\t<meta property=\"og:image:height\" content=\"800\" \/>\n\t\t<meta property=\"article:published_time\" content=\"2025-09-09T16:29:38+00:00\" \/>\n\t\t<meta property=\"article:modified_time\" content=\"2026-09-05T07:24:42+00:00\" \/>\n\t\t<meta property=\"article:publisher\" content=\"https:\/\/www.facebook.com\/sunnystevealgarve\" \/>\n\t\t<meta property=\"article:author\" content=\"https:\/\/www.facebook.com\/sunnystevealgarve\" \/>\n\t\t<meta name=\"twitter:card\" content=\"summary_large_image\" \/>\n\t\t<meta name=\"twitter:site\" content=\"@sunnysteve_pt\" \/>\n\t\t<meta name=\"twitter:title\" content=\"O Guia Definitivo de Ensino em Lagos e no Barlavento Algarvio: A Op\u00e7\u00e3o Perfeita para a Sua Fam\u00edlia\" \/>\n\t\t<meta name=\"twitter:description\" content=\"Um guia completo \u00e0s escolas de Lagos e do Barlavento Algarvio: creches, ensino p\u00fablico portugu\u00eas e as principais escolas internacionais, para ajudar a sua fam\u00edlia a encontrar a op\u00e7\u00e3o certa.\" \/>\n\t\t<meta name=\"twitter:creator\" content=\"@sunnysteve_pt\" \/>\n\t\t<meta name=\"twitter:image\" content=\"https:\/\/sunnysteve.com\/wp-content\/uploads\/2025\/09\/Portugal-Schools-1.png\" \/>\n\t\t<script type=\"application\/ld+json\" class=\"aioseo-schema\">\n\t\t\t{\"@context\":\"https:\\\/\\\/schema.org\",\"@graph\":[{\"@type\":\"BlogPosting\",\"@id\":\"https:\\\/\\\/sunnysteve.com\\\/pt-pt\\\/guia-escolas-lagos-barlavento-algarvio\\\/#blogposting\",\"name\":\"O Guia Definitivo de Ensino em Lagos e no Barlavento Algarvio: A Op\\u00e7\\u00e3o Perfeita para a Sua Fam\\u00edlia\",\"headline\":\"O Guia Definitivo de Ensino em Lagos e no Barlavento Algarvio: A Op\\u00e7\\u00e3o Perfeita para a Sua Fam\\u00edlia\",\"author\":{\"@id\":\"https:\\\/\\\/sunnysteve.com\\\/pt-pt\\\/author\\\/sunny-steve\\\/#author\"},\"publisher\":{\"@id\":\"https:\\\/\\\/sunnysteve.com\\\/pt-pt\\\/#organization\"},\"image\":{\"@type\":\"ImageObject\",\"url\":\"https:\\\/\\\/sunnysteve.com\\\/wp-content\\\/uploads\\\/2025\\\/09\\\/Portugal-Schools-1.png\",\"width\":1200,\"height\":800,\"caption\":\"#image_title\"},\"datePublished\":\"2025-09-09T17:29:38+01:00\",\"dateModified\":\"2026-09-05T08:24:42+01:00\",\"inLanguage\":\"pt-PT\",\"mainEntityOfPage\":{\"@id\":\"https:\\\/\\\/sunnysteve.com\\\/pt-pt\\\/guia-escolas-lagos-barlavento-algarvio\\\/#webpage\"},\"isPartOf\":{\"@id\":\"https:\\\/\\\/sunnysteve.com\\\/pt-pt\\\/guia-escolas-lagos-barlavento-algarvio\\\/#webpage\"},\"articleSection\":\"Estilo de Vida, Opcional\"},{\"@type\":\"BreadcrumbList\",\"@id\":\"https:\\\/\\\/sunnysteve.com\\\/pt-pt\\\/guia-escolas-lagos-barlavento-algarvio\\\/#breadcrumblist\",\"itemListElement\":[{\"@type\":\"ListItem\",\"@id\":\"https:\\\/\\\/sunnysteve.com\\\/pt-pt\\\/#listItem\",\"position\":1,\"name\":\"Home\",\"item\":\"https:\\\/\\\/sunnysteve.com\\\/pt-pt\\\/\",\"nextItem\":{\"@type\":\"ListItem\",\"@id\":\"https:\\\/\\\/sunnysteve.com\\\/pt-pt\\\/category\\\/estilo-de-vida\\\/#listItem\",\"name\":\"Estilo de Vida\"}},{\"@type\":\"ListItem\",\"@id\":\"https:\\\/\\\/sunnysteve.com\\\/pt-pt\\\/category\\\/estilo-de-vida\\\/#listItem\",\"position\":2,\"name\":\"Estilo de Vida\",\"item\":\"https:\\\/\\\/sunnysteve.com\\\/pt-pt\\\/category\\\/estilo-de-vida\\\/\",\"nextItem\":{\"@type\":\"ListItem\",\"@id\":\"https:\\\/\\\/sunnysteve.com\\\/pt-pt\\\/guia-escolas-lagos-barlavento-algarvio\\\/#listItem\",\"name\":\"O Guia Definitivo de Ensino em Lagos e no Barlavento Algarvio: A Op\\u00e7\\u00e3o Perfeita para a Sua Fam\\u00edlia\"},\"previousItem\":{\"@type\":\"ListItem\",\"@id\":\"https:\\\/\\\/sunnysteve.com\\\/pt-pt\\\/#listItem\",\"name\":\"Home\"}},{\"@type\":\"ListItem\",\"@id\":\"https:\\\/\\\/sunnysteve.com\\\/pt-pt\\\/guia-escolas-lagos-barlavento-algarvio\\\/#listItem\",\"position\":3,\"name\":\"O Guia Definitivo de Ensino em Lagos e no Barlavento Algarvio: A Op\\u00e7\\u00e3o Perfeita para a Sua Fam\\u00edlia\",\"previousItem\":{\"@type\":\"ListItem\",\"@id\":\"https:\\\/\\\/sunnysteve.com\\\/pt-pt\\\/category\\\/estilo-de-vida\\\/#listItem\",\"name\":\"Estilo de Vida\"}}]},{\"@type\":\"Organization\",\"@id\":\"https:\\\/\\\/sunnysteve.com\\\/pt-pt\\\/#organization\",\"name\":\"SunnySteve | Lagos Algarve Real Estate\",\"description\":\"Twenty years of real estate mastery, now focused on Portugal's Western Algarve. SunnySteve guides expats and international clients through buying and selling in Lagos and along the surrounding coast, in English, French, Dutch and Portuguese. Brokered by eXp Realty.\",\"url\":\"https:\\\/\\\/sunnysteve.com\\\/pt-pt\\\/\",\"email\":\"info@sunnysteve.com\",\"telephone\":\"+351934916657\",\"logo\":{\"@type\":\"ImageObject\",\"url\":\"https:\\\/\\\/sunnysteve.com\\\/wp-content\\\/uploads\\\/2025\\\/05\\\/Sunny-Steve-Logo-2025-Blue.png\",\"@id\":\"https:\\\/\\\/sunnysteve.com\\\/pt-pt\\\/guia-escolas-lagos-barlavento-algarvio\\\/#organizationLogo\"},\"image\":{\"@id\":\"https:\\\/\\\/sunnysteve.com\\\/pt-pt\\\/guia-escolas-lagos-barlavento-algarvio\\\/#organizationLogo\"},\"sameAs\":[\"https:\\\/\\\/www.facebook.com\\\/sunnystevealgarve\",\"https:\\\/\\\/x.com\\\/sunnysteve_pt\",\"https:\\\/\\\/www.instagram.com\\\/sunnysteve_algarve\\\/\",\"https:\\\/\\\/www.tiktok.com\\\/@sunnysteve_algarve\",\"https:\\\/\\\/www.youtube.com\\\/@sunnysteve_algarve\",\"https:\\\/\\\/www.linkedin.com\\\/in\\\/stevemarque\\\/\"]},{\"@type\":\"Person\",\"@id\":\"https:\\\/\\\/sunnysteve.com\\\/pt-pt\\\/author\\\/sunny-steve\\\/#author\",\"url\":\"https:\\\/\\\/sunnysteve.com\\\/pt-pt\\\/author\\\/sunny-steve\\\/\",\"name\":\"Steve Marqu\\u00e9\",\"image\":{\"@type\":\"ImageObject\",\"@id\":\"https:\\\/\\\/sunnysteve.com\\\/pt-pt\\\/guia-escolas-lagos-barlavento-algarvio\\\/#authorImage\",\"url\":\"https:\\\/\\\/sunnysteve.com\\\/wp-content\\\/litespeed\\\/avatar\\\/33c97456a03f6a661e8c013a6b06dff0.jpg?ver=1788366691\",\"width\":96,\"height\":96,\"caption\":\"Steve Marqu\\u00e9\"},\"sameAs\":[\"https:\\\/\\\/www.facebook.com\\\/sunnystevealgarve\",\"https:\\\/\\\/x.com\\\/sunnysteve_pt\",\"https:\\\/\\\/www.instagram.com\\\/sunnysteve_algarve\",\"https:\\\/\\\/www.tiktok.com\\\/@sunnysteve_algarve\",\"https:\\\/\\\/www.youtube.com\\\/@sunnysteve_algarve\",\"https:\\\/\\\/www.linkedin.com\\\/in\\\/stevemarque\\\/\"]},{\"@type\":\"WebPage\",\"@id\":\"https:\\\/\\\/sunnysteve.com\\\/pt-pt\\\/guia-escolas-lagos-barlavento-algarvio\\\/#webpage\",\"url\":\"https:\\\/\\\/sunnysteve.com\\\/pt-pt\\\/guia-escolas-lagos-barlavento-algarvio\\\/\",\"name\":\"O Guia Definitivo de Ensino em Lagos e no Barlavento Algarvio: A Op\\u00e7\\u00e3o Perfeita para a Sua Fam\\u00edlia\",\"description\":\"Um guia completo \\u00e0s escolas de Lagos e do Barlavento Algarvio: creches, ensino p\\u00fablico portugu\\u00eas e as principais escolas internacionais, para ajudar a sua fam\\u00edlia a encontrar a op\\u00e7\\u00e3o certa.\",\"inLanguage\":\"pt-PT\",\"isPartOf\":{\"@id\":\"https:\\\/\\\/sunnysteve.com\\\/pt-pt\\\/#website\"},\"breadcrumb\":{\"@id\":\"https:\\\/\\\/sunnysteve.com\\\/pt-pt\\\/guia-escolas-lagos-barlavento-algarvio\\\/#breadcrumblist\"},\"author\":{\"@id\":\"https:\\\/\\\/sunnysteve.com\\\/pt-pt\\\/author\\\/sunny-steve\\\/#author\"},\"creator\":{\"@id\":\"https:\\\/\\\/sunnysteve.com\\\/pt-pt\\\/author\\\/sunny-steve\\\/#author\"},\"image\":{\"@type\":\"ImageObject\",\"url\":\"https:\\\/\\\/sunnysteve.com\\\/wp-content\\\/uploads\\\/2025\\\/09\\\/Portugal-Schools-1.png\",\"@id\":\"https:\\\/\\\/sunnysteve.com\\\/pt-pt\\\/guia-escolas-lagos-barlavento-algarvio\\\/#mainImage\",\"width\":1200,\"height\":800,\"caption\":\"#image_title\"},\"primaryImageOfPage\":{\"@id\":\"https:\\\/\\\/sunnysteve.com\\\/pt-pt\\\/guia-escolas-lagos-barlavento-algarvio\\\/#mainImage\"},\"datePublished\":\"2025-09-09T17:29:38+01:00\",\"dateModified\":\"2026-09-05T08:24:42+01:00\"},{\"@type\":\"WebSite\",\"@id\":\"https:\\\/\\\/sunnysteve.com\\\/pt-pt\\\/#website\",\"url\":\"https:\\\/\\\/sunnysteve.com\\\/pt-pt\\\/\",\"name\":\"SunnySteve | eXp - Lagos Algarve Real Estate\",\"alternateName\":\"Steve Marqu\\u00e9\",\"description\":\"We help International buyers find home in the Algarve\",\"inLanguage\":\"pt-PT\",\"publisher\":{\"@id\":\"https:\\\/\\\/sunnysteve.com\\\/pt-pt\\\/#organization\"}}]}\n\t\t<\/script>\n\t\t<!-- All in One SEO -->\n\n","aioseo_head_json":{"title":"O Guia Definitivo de Ensino em Lagos e no Barlavento Algarvio: A Op\u00e7\u00e3o Perfeita para a Sua Fam\u00edlia","description":"Um guia completo \u00e0s escolas de Lagos e do Barlavento Algarvio: creches, ensino p\u00fablico portugu\u00eas e as principais escolas internacionais, para ajudar a sua fam\u00edlia a encontrar a op\u00e7\u00e3o certa.","canonical_url":"https:\/\/sunnysteve.com\/pt-pt\/guia-escolas-lagos-barlavento-algarvio\/","robots":"max-image-preview:large","keywords":"","webmasterTools":{"google-site-verification":"6Spa-o41CcNSMq81uVrBXskB-BVQKssFNgXlgComdWc","miscellaneous":""},"schema":{"@context":"https:\/\/schema.org","@graph":[{"@type":"BlogPosting","@id":"https:\/\/sunnysteve.com\/pt-pt\/guia-escolas-lagos-barlavento-algarvio\/#blogposting","name":"O Guia Definitivo de Ensino em Lagos e no Barlavento Algarvio: A Op\u00e7\u00e3o Perfeita para a Sua Fam\u00edlia","headline":"O Guia Definitivo de Ensino em Lagos e no Barlavento Algarvio: A Op\u00e7\u00e3o Perfeita para a Sua Fam\u00edlia","author":{"@id":"https:\/\/sunnysteve.com\/pt-pt\/author\/sunny-steve\/#author"},"publisher":{"@id":"https:\/\/sunnysteve.com\/pt-pt\/#organization"},"image":{"@type":"ImageObject","url":"https:\/\/sunnysteve.com\/wp-content\/uploads\/2025\/09\/Portugal-Schools-1.png","width":1200,"height":800,"caption":"#image_title"},"datePublished":"2025-09-09T17:29:38+01:00","dateModified":"2026-09-05T08:24:42+01:00","inLanguage":"pt-PT","mainEntityOfPage":{"@id":"https:\/\/sunnysteve.com\/pt-pt\/guia-escolas-lagos-barlavento-algarvio\/#webpage"},"isPartOf":{"@id":"https:\/\/sunnysteve.com\/pt-pt\/guia-escolas-lagos-barlavento-algarvio\/#webpage"},"articleSection":"Estilo de Vida, Opcional"},{"@type":"BreadcrumbList","@id":"https:\/\/sunnysteve.com\/pt-pt\/guia-escolas-lagos-barlavento-algarvio\/#breadcrumblist","itemListElement":[{"@type":"ListItem","@id":"https:\/\/sunnysteve.com\/pt-pt\/#listItem","position":1,"name":"Home","item":"https:\/\/sunnysteve.com\/pt-pt\/","nextItem":{"@type":"ListItem","@id":"https:\/\/sunnysteve.com\/pt-pt\/category\/estilo-de-vida\/#listItem","name":"Estilo de Vida"}},{"@type":"ListItem","@id":"https:\/\/sunnysteve.com\/pt-pt\/category\/estilo-de-vida\/#listItem","position":2,"name":"Estilo de Vida","item":"https:\/\/sunnysteve.com\/pt-pt\/category\/estilo-de-vida\/","nextItem":{"@type":"ListItem","@id":"https:\/\/sunnysteve.com\/pt-pt\/guia-escolas-lagos-barlavento-algarvio\/#listItem","name":"O Guia Definitivo de Ensino em Lagos e no Barlavento Algarvio: A Op\u00e7\u00e3o Perfeita para a Sua Fam\u00edlia"},"previousItem":{"@type":"ListItem","@id":"https:\/\/sunnysteve.com\/pt-pt\/#listItem","name":"Home"}},{"@type":"ListItem","@id":"https:\/\/sunnysteve.com\/pt-pt\/guia-escolas-lagos-barlavento-algarvio\/#listItem","position":3,"name":"O Guia Definitivo de Ensino em Lagos e no Barlavento Algarvio: A Op\u00e7\u00e3o Perfeita para a Sua Fam\u00edlia","previousItem":{"@type":"ListItem","@id":"https:\/\/sunnysteve.com\/pt-pt\/category\/estilo-de-vida\/#listItem","name":"Estilo de Vida"}}]},{"@type":"Organization","@id":"https:\/\/sunnysteve.com\/pt-pt\/#organization","name":"SunnySteve | Lagos Algarve Real Estate","description":"Twenty years of real estate mastery, now focused on Portugal's Western Algarve. SunnySteve guides expats and international clients through buying and selling in Lagos and along the surrounding coast, in English, French, Dutch and Portuguese. Brokered by eXp Realty.","url":"https:\/\/sunnysteve.com\/pt-pt\/","email":"info@sunnysteve.com","telephone":"+351934916657","logo":{"@type":"ImageObject","url":"https:\/\/sunnysteve.com\/wp-content\/uploads\/2025\/05\/Sunny-Steve-Logo-2025-Blue.png","@id":"https:\/\/sunnysteve.com\/pt-pt\/guia-escolas-lagos-barlavento-algarvio\/#organizationLogo"},"image":{"@id":"https:\/\/sunnysteve.com\/pt-pt\/guia-escolas-lagos-barlavento-algarvio\/#organizationLogo"},"sameAs":["https:\/\/www.facebook.com\/sunnystevealgarve","https:\/\/x.com\/sunnysteve_pt","https:\/\/www.instagram.com\/sunnysteve_algarve\/","https:\/\/www.tiktok.com\/@sunnysteve_algarve","https:\/\/www.youtube.com\/@sunnysteve_algarve","https:\/\/www.linkedin.com\/in\/stevemarque\/"]},{"@type":"Person","@id":"https:\/\/sunnysteve.com\/pt-pt\/author\/sunny-steve\/#author","url":"https:\/\/sunnysteve.com\/pt-pt\/author\/sunny-steve\/","name":"Steve Marqu\u00e9","image":{"@type":"ImageObject","@id":"https:\/\/sunnysteve.com\/pt-pt\/guia-escolas-lagos-barlavento-algarvio\/#authorImage","url":"https:\/\/sunnysteve.com\/wp-content\/litespeed\/avatar\/33c97456a03f6a661e8c013a6b06dff0.jpg?ver=1788366691","width":96,"height":96,"caption":"Steve Marqu\u00e9"},"sameAs":["https:\/\/www.facebook.com\/sunnystevealgarve","https:\/\/x.com\/sunnysteve_pt","https:\/\/www.instagram.com\/sunnysteve_algarve","https:\/\/www.tiktok.com\/@sunnysteve_algarve","https:\/\/www.youtube.com\/@sunnysteve_algarve","https:\/\/www.linkedin.com\/in\/stevemarque\/"]},{"@type":"WebPage","@id":"https:\/\/sunnysteve.com\/pt-pt\/guia-escolas-lagos-barlavento-algarvio\/#webpage","url":"https:\/\/sunnysteve.com\/pt-pt\/guia-escolas-lagos-barlavento-algarvio\/","name":"O Guia Definitivo de Ensino em Lagos e no Barlavento Algarvio: A Op\u00e7\u00e3o Perfeita para a Sua Fam\u00edlia","description":"Um guia completo \u00e0s escolas de Lagos e do Barlavento Algarvio: creches, ensino p\u00fablico portugu\u00eas e as principais escolas internacionais, para ajudar a sua fam\u00edlia a encontrar a op\u00e7\u00e3o certa.","inLanguage":"pt-PT","isPartOf":{"@id":"https:\/\/sunnysteve.com\/pt-pt\/#website"},"breadcrumb":{"@id":"https:\/\/sunnysteve.com\/pt-pt\/guia-escolas-lagos-barlavento-algarvio\/#breadcrumblist"},"author":{"@id":"https:\/\/sunnysteve.com\/pt-pt\/author\/sunny-steve\/#author"},"creator":{"@id":"https:\/\/sunnysteve.com\/pt-pt\/author\/sunny-steve\/#author"},"image":{"@type":"ImageObject","url":"https:\/\/sunnysteve.com\/wp-content\/uploads\/2025\/09\/Portugal-Schools-1.png","@id":"https:\/\/sunnysteve.com\/pt-pt\/guia-escolas-lagos-barlavento-algarvio\/#mainImage","width":1200,"height":800,"caption":"#image_title"},"primaryImageOfPage":{"@id":"https:\/\/sunnysteve.com\/pt-pt\/guia-escolas-lagos-barlavento-algarvio\/#mainImage"},"datePublished":"2025-09-09T17:29:38+01:00","dateModified":"2026-09-05T08:24:42+01:00"},{"@type":"WebSite","@id":"https:\/\/sunnysteve.com\/pt-pt\/#website","url":"https:\/\/sunnysteve.com\/pt-pt\/","name":"SunnySteve | eXp - Lagos Algarve Real Estate","alternateName":"Steve Marqu\u00e9","description":"We help International buyers find home in the Algarve","inLanguage":"pt-PT","publisher":{"@id":"https:\/\/sunnysteve.com\/pt-pt\/#organization"}}]},"og:locale":"pt_PT","og:site_name":"SunnySteve | Lagos and Western Algarve Real Estate \u00bb We help International buyers find home in the Algarve","og:type":"article","og:title":"O Guia Definitivo de Ensino em Lagos e no Barlavento Algarvio: A Op\u00e7\u00e3o Perfeita para a Sua Fam\u00edlia","og:description":"Um guia completo \u00e0s escolas de Lagos e do Barlavento Algarvio: creches, ensino p\u00fablico portugu\u00eas e as principais escolas internacionais, para ajudar a sua fam\u00edlia a encontrar a op\u00e7\u00e3o certa.","og:url":"https:\/\/sunnysteve.com\/pt-pt\/guia-escolas-lagos-barlavento-algarvio\/","og:image":"https:\/\/sunnysteve.com\/wp-content\/uploads\/2025\/09\/Portugal-Schools-1.png","og:image:secure_url":"https:\/\/sunnysteve.com\/wp-content\/uploads\/2025\/09\/Portugal-Schools-1.png","og:image:width":1200,"og:image:height":800,"article:published_time":"2025-09-09T16:29:38+00:00","article:modified_time":"2026-09-05T07:24:42+00:00","article:publisher":"https:\/\/www.facebook.com\/sunnystevealgarve","article:author":"https:\/\/www.facebook.com\/sunnystevealgarve","twitter:card":"summary_large_image","twitter:site":"@sunnysteve_pt","twitter:title":"O Guia Definitivo de Ensino em Lagos e no Barlavento Algarvio: A Op\u00e7\u00e3o Perfeita para a Sua Fam\u00edlia","twitter:description":"Um guia completo \u00e0s escolas de Lagos e do Barlavento Algarvio: creches, ensino p\u00fablico portugu\u00eas e as principais escolas internacionais, para ajudar a sua fam\u00edlia a encontrar a op\u00e7\u00e3o certa.","twitter:creator":"@sunnysteve_pt","twitter:image":"https:\/\/sunnysteve.com\/wp-content\/uploads\/2025\/09\/Portugal-Schools-1.png"},"aioseo_meta_data":{"post_id":"53618","title":null,"description":null,"keywords":null,"keyphrases":{"focus":{"keyphrase":"","score":0,"analysis":{"keyphraseInTitle":{"score":0,"maxScore":9,"error":1}}},"additional":[]},"primary_term":null,"canonical_url":null,"og_title":null,"og_description":null,"og_object_type":"default","og_image_type":"default","og_image_url":null,"og_image_width":null,"og_image_height":null,"og_image_custom_url":null,"og_image_custom_fields":null,"og_video":"","og_custom_url":null,"og_article_section":null,"og_article_tags":null,"twitter_use_og":false,"twitter_card":"default","twitter_image_type":"default","twitter_image_url":null,"twitter_image_custom_url":null,"twitter_image_custom_fields":null,"twitter_title":null,"twitter_description":null,"schema":{"blockGraphs":[],"customGraphs":[],"default":{"data":{"Article":[],"Course":[],"Dataset":[],"FAQPage":[],"Movie":[],"Person":[],"Product":[],"ProductReview":[],"Car":[],"Recipe":[],"Service":[],"SoftwareApplication":[],"WebPage":[]},"graphName":"BlogPosting","isEnabled":true},"graphs":[]},"schema_type":"default","schema_type_options":null,"pillar_content":false,"robots_default":true,"robots_noindex":false,"robots_noarchive":false,"robots_nosnippet":false,"robots_nofollow":false,"robots_noimageindex":false,"robots_noodp":false,"robots_notranslate":false,"robots_max_snippet":"-1","robots_max_videopreview":"-1","robots_max_imagepreview":"large","priority":null,"frequency":"default","local_seo":null,"seo_analyzer_scan_date":"2026-05-12 22:29:18","breadcrumb_settings":null,"limit_modified_date":false,"reviewed_by":"0","open_ai":null,"ai":{"faqs":[],"keyPoints":[],"titles":[],"descriptions":[],"socialPosts":{"email":[],"linkedin":[],"twitter":[],"facebook":[],"instagram":[]}},"created":"2025-09-23 13:31:29","updated":"2026-09-05 08:09:07","focus_keyword":null,"additional_keywords":null,"truseo_locale":null},"aioseo_breadcrumb":"<div class=\"aioseo-breadcrumbs\"><span class=\"aioseo-breadcrumb\">\n\t\t\t<a href=\"https:\/\/sunnysteve.com\/pt-pt\/\" title=\"Home\">Home<\/a>\n\t\t<\/span><span class=\"aioseo-breadcrumb-separator\">\u00bb<\/span><span class=\"aioseo-breadcrumb\">\n\t\t\t<a href=\"https:\/\/sunnysteve.com\/pt-pt\/category\/estilo-de-vida\/\" title=\"Estilo de Vida\">Estilo de Vida<\/a>\n\t\t<\/span><span class=\"aioseo-breadcrumb-separator\">\u00bb<\/span><span class=\"aioseo-breadcrumb\">\n\t\t\tO Guia Definitivo de Ensino em Lagos e no Barlavento Algarvio: A Op\u00e7\u00e3o Perfeita para a Sua Fam\u00edlia\n\t\t<\/span><\/div>","aioseo_breadcrumb_json":[{"label":"Home","link":"https:\/\/sunnysteve.com\/pt-pt\/"},{"label":"Estilo de Vida","link":"https:\/\/sunnysteve.com\/pt-pt\/category\/estilo-de-vida\/"},{"label":"O Guia Definitivo de Ensino em Lagos e no Barlavento Algarvio: A Op\u00e7\u00e3o Perfeita para a Sua Fam\u00edlia","link":"https:\/\/sunnysteve.com\/pt-pt\/guia-escolas-lagos-barlavento-algarvio\/"}],"_links":{"self":[{"href":"https:\/\/sunnysteve.com\/pt-pt\/wp-json\/wp\/v2\/posts\/53618","targetHints":{"allow":["GET"]}}],"collection":[{"href":"https:\/\/sunnysteve.com\/pt-pt\/wp-json\/wp\/v2\/posts"}],"about":[{"href":"https:\/\/sunnysteve.com\/pt-pt\/wp-json\/wp\/v2\/types\/post"}],"author":[{"embeddable":true,"href":"https:\/\/sunnysteve.com\/pt-pt\/wp-json\/wp\/v2\/users\/6"}],"replies":[{"embeddable":true,"href":"https:\/\/sunnysteve.com\/pt-pt\/wp-json\/wp\/v2\/comments?post=53618"}],"version-history":[{"count":1,"href":"https:\/\/sunnysteve.com\/pt-pt\/wp-json\/wp\/v2\/posts\/53618\/revisions"}],"predecessor-version":[{"id":119015,"href":"https:\/\/sunnysteve.com\/pt-pt\/wp-json\/wp\/v2\/posts\/53618\/revisions\/119015"}],"wp:featuredmedia":[{"embeddable":true,"href":"https:\/\/sunnysteve.com\/pt-pt\/wp-json\/wp\/v2\/media\/53037"}],"wp:attachment":[{"href":"https:\/\/sunnysteve.com\/pt-pt\/wp-json\/wp\/v2\/media?parent=53618"}],"wp:term":[{"taxonomy":"category","embeddable":true,"href":"https:\/\/sunnysteve.com\/pt-pt\/wp-json\/wp\/v2\/categories?post=53618"},{"taxonomy":"post_tag","embeddable":true,"href":"https:\/\/sunnysteve.com\/pt-pt\/wp-json\/wp\/v2\/tags?post=53618"}],"curies":[{"name":"wp","href":"https:\/\/api.w.org\/{rel}","templated":true}]}}