{"id":53615,"date":"2025-09-09T17:29:38","date_gmt":"2025-09-09T16:29:38","guid":{"rendered":"https:\/\/sunnysteve.com\/der-ultimative-leitfaden-fuer-die-schulbildung-in-lagos-westalgarve-finden-sie-die-perfekte-loesung-fuer-ihre-familie\/"},"modified":"2026-09-05T08:24:48","modified_gmt":"2026-09-05T07:24:48","slug":"schulfuehrer-lagos-westalgarve","status":"publish","type":"post","link":"https:\/\/sunnysteve.com\/de\/schulfuehrer-lagos-westalgarve\/","title":{"rendered":"Der Ultimative Schulf\u00fchrer f\u00fcr Lagos und die Westalgarve: Die Perfekte Wahl f\u00fcr Ihre Familie"},"content":{"rendered":"\n<p class=\"wp-block-paragraph\">Die richtige Schule zu w\u00e4hlen, ist f\u00fcr jede Familie eine der wichtigsten Entscheidungen, besonders f\u00fcr Familien, die ins Ausland ziehen. Portugal ist eine hervorragende Wahl, gesch\u00e4tzt f\u00fcr seine hohe Lebensqualit\u00e4t, Sicherheit und eine wachsende Zahl exzellenter internationaler Schulen. F\u00fcr Familien, die einen Umzug in Betracht ziehen, ist die Algarve mit ihren atemberaubenden Str\u00e4nden und der herzlichen Expat-Gemeinschaft ein Top-Ziel. Dieser Leitfaden hilft Ihnen, sich in der Bildungslandschaft zurechtzufinden, mit Schwerpunkt auf den besten Optionen in Lagos und der Westalgarve.<\/p>\n\n\n\n<h2 class=\"wp-block-heading\">Das Portugiesische Bildungssystem Verstehen<\/h2>\n\n\n\n<p class=\"wp-block-paragraph\">Das nationale Bildungssystem in Portugal ist umfassend, doch f\u00fcr internationale Familien ist die Unterrichtssprache eine zentrale \u00dcberlegung. W\u00e4hrend portugiesische \u00f6ffentliche und die meisten privaten Schulen haupts\u00e4chlich auf Portugiesisch unterrichten, bietet die <strong>Algarve eine breite Auswahl an internationalen Schulen<\/strong>, die sich an Expat-Familien richten. Diese Schulen bieten ein multikulturelles Umfeld und folgen h\u00e4ufig britischen, amerikanischen oder Lehrpl\u00e4nen des International Baccalaureate (IB), mit Unterricht auf Englisch, Franz\u00f6sisch, Deutsch oder anderen Sprachen. Familien, die abw\u00e4gen, wo sie wohnen sollen, w\u00e4hrend ihre Kinder eingeschult sind, fragen mich oft nach <a href=\"https:\/\/sunnysteve.com\/de\/praia-da-luz-portugal-ratgeber-fuer-auswanderer\/\">Praia da Luz<\/a>, das in bequemer Reichweite der meisten unten genannten Schulen liegt und eine ganzj\u00e4hrig aktive internationale Gemeinschaft hat.<\/p>\n\n\n\n<p class=\"wp-block-paragraph\">Das Bildungssystem ist wie folgt aufgebaut:<\/p>\n\n\n\n<ul class=\"wp-block-list\">\n<li><strong>Vorschule (3 bis 5 Jahre):<\/strong> <em>Ensino Pr\u00e9-Escolar<\/em><\/li>\n\n\n\n<li><strong>Grundschule (6 bis 10 Jahre):<\/strong> <em>1\u00ba Ciclo do Ensino B\u00e1sico<\/em><\/li>\n\n\n\n<li><strong>Sekundarstufe (11 bis 18 Jahre):<\/strong> <em>2\u00ba, 3\u00ba Ciclo do Ensino B\u00e1sico e Ensino Secund\u00e1rio<\/em><\/li>\n<\/ul>\n\n\n\n<figure class=\"wp-block-table is-style-stripes\"><table class=\"has-fixed-layout\"><thead><tr><th class=\"has-text-align-center\" data-align=\"center\" colspan=\"7\">Schulstufe<\/th><th class=\"has-text-align-center\" data-align=\"center\" colspan=\"5\">Alter<\/th><\/tr><\/thead><tbody><tr><td class=\"has-text-align-center\" data-align=\"center\" colspan=\"7\">Kinderkrippe (Infant\u00e1rio)<\/td><td class=\"has-text-align-center\" data-align=\"center\" colspan=\"5\">0-2<\/td><\/tr><tr><td class=\"has-text-align-center\" data-align=\"center\" colspan=\"7\">Kindergarten<\/td><td class=\"has-text-align-center\" data-align=\"center\" colspan=\"5\">3-5<\/td><\/tr><tr><th class=\"has-text-align-center\" data-align=\"center\" colspan=\"7\">Grundbildung 1. Zyklus (Ensino B\u00e1sico 1\u00ba Ciclo)<\/th><th class=\"has-text-align-center\" data-align=\"center\" colspan=\"5\"><\/th><\/tr><tr><td class=\"has-text-align-center\" data-align=\"center\" colspan=\"7\">1. Klasse<\/td><td class=\"has-text-align-center\" data-align=\"center\" colspan=\"5\">6-7<\/td><\/tr><tr><td class=\"has-text-align-center\" data-align=\"center\" colspan=\"7\">2. Klasse<\/td><td class=\"has-text-align-center\" data-align=\"center\" colspan=\"5\">7-8<\/td><\/tr><tr><td class=\"has-text-align-center\" data-align=\"center\" colspan=\"7\">3. Klasse<\/td><td class=\"has-text-align-center\" data-align=\"center\" colspan=\"5\">8-9<\/td><\/tr><tr><td class=\"has-text-align-center\" data-align=\"center\" colspan=\"7\">4. Klasse<\/td><td class=\"has-text-align-center\" data-align=\"center\" colspan=\"5\">9-10<\/td><\/tr><tr><th class=\"has-text-align-center\" data-align=\"center\" colspan=\"7\">Grundbildung 2. Zyklus (Ensino B\u00e1sico 2\u00ba Ciclo)<\/th><th class=\"has-text-align-center\" data-align=\"center\" colspan=\"5\"><\/th><\/tr><tr><td class=\"has-text-align-center\" data-align=\"center\" colspan=\"7\">5. Klasse<\/td><td class=\"has-text-align-center\" data-align=\"center\" colspan=\"5\">10-11<\/td><\/tr><tr><td class=\"has-text-align-center\" data-align=\"center\" colspan=\"7\">6. Klasse<\/td><td class=\"has-text-align-center\" data-align=\"center\" colspan=\"5\">11-12<\/td><\/tr><tr><th class=\"has-text-align-center\" data-align=\"center\" colspan=\"7\">Grundbildung 3. Zyklus (Ensino B\u00e1sico 3\u00ba Ciclo)<\/th><th class=\"has-text-align-center\" data-align=\"center\" colspan=\"5\"><\/th><\/tr><tr><td class=\"has-text-align-center\" data-align=\"center\" colspan=\"7\">7. Klasse<\/td><td class=\"has-text-align-center\" data-align=\"center\" colspan=\"5\">12-13<\/td><\/tr><tr><td class=\"has-text-align-center\" data-align=\"center\" colspan=\"7\">8. Klasse<\/td><td class=\"has-text-align-center\" data-align=\"center\" colspan=\"5\">13-14<\/td><\/tr><tr><td class=\"has-text-align-center\" data-align=\"center\" colspan=\"7\">9. Klasse<\/td><td class=\"has-text-align-center\" data-align=\"center\" colspan=\"5\">14-15<\/td><\/tr><tr><th class=\"has-text-align-center\" data-align=\"center\" colspan=\"7\">Sekundarschulbildung (Ensino Secund\u00e1rio)<\/th><th class=\"has-text-align-center\" data-align=\"center\" colspan=\"5\"><\/th><\/tr><tr><td class=\"has-text-align-center\" data-align=\"center\" colspan=\"7\">10. Klasse<\/td><td class=\"has-text-align-center\" data-align=\"center\" colspan=\"5\">15-16<\/td><\/tr><tr><td class=\"has-text-align-center\" data-align=\"center\" colspan=\"7\">11. Klasse<\/td><td class=\"has-text-align-center\" data-align=\"center\" colspan=\"5\">16-17<\/td><\/tr><tr><td class=\"has-text-align-center\" data-align=\"center\" colspan=\"7\">12. Klasse<\/td><td class=\"has-text-align-center\" data-align=\"center\" colspan=\"5\">17-18<\/td><\/tr><\/tbody><\/table><\/figure>\n\n\n\n<figure class=\"wp-block-image size-full\"><a href=\"https:\/\/maps.app.goo.gl\/vFpCr8q7HRsATSPX7\"><img loading=\"lazy\" decoding=\"async\" width=\"1200\" height=\"800\" src=\"https:\/\/sunnysteve.com\/wp-content\/uploads\/2025\/09\/School-and-Nursery-map-in-the-Western-Algrave.jpeg\" alt=\"\" class=\"wp-image-53056\"\/><\/a><figcaption class=\"wp-element-caption\">#image_title<\/figcaption><\/figure>\n\n\n\n<h2 class=\"wp-block-heading\">Erste Schritte: Krippen- und Kindergartenoptionen f\u00fcr die J\u00fcngsten<\/h2>\n\n\n\n<p class=\"wp-block-paragraph\">F\u00fcr Familien mit Babys und Kleinkindern ist die erste bildungsbezogene \u00dcberlegung oft, eine verl\u00e4ssliche und liebevolle Krippe (<em>creche<\/em>) oder Kindertagesst\u00e4tte (<em>infant\u00e1rio<\/em>) zu finden. Portugal bietet eine Reihe von Optionen, von staatlich gef\u00f6rderten Einrichtungen bis hin zu privaten, zweisprachigen und internationalen Kinderg\u00e4rten.<\/p>\n\n\n\n<ul class=\"wp-block-list\">\n<li><strong>\u00d6ffentliche Krippen:<\/strong> Diese sind oft sehr g\u00fcnstig oder sogar kostenlos, die Pl\u00e4tze k\u00f6nnen jedoch begrenzt sein, und die Unterrichtssprache ist Portugiesisch. Sie sind eine ausgezeichnete M\u00f6glichkeit f\u00fcr sehr junge Kinder, in die lokale Sprache und Kultur einzutauchen.<\/li>\n\n\n\n<li><strong>Private Kindertagesst\u00e4tten:<\/strong> Viele private Kindertagesst\u00e4tten und Vorschulen an der Algarve richten sich an die internationale Gemeinschaft und bieten zweisprachige Umgebungen (h\u00e4ufig Portugiesisch und Englisch) sowie unterschiedliche p\u00e4dagogische Ans\u00e4tze. Sie bieten mehr Flexibilit\u00e4t und legen oft einen starken Fokus auf Programme zur fr\u00fchkindlichen Entwicklung.<\/li>\n<\/ul>\n\n\n\n<p class=\"wp-block-paragraph\">Bei der Suche nach Krippen- oder Kindergartenoptionen im Raum Lagos und Westalgarve empfiehlt es sich, die Einrichtungen zu besuchen, sich nach den spezifischen Programmen f\u00fcr verschiedene Altersgruppen zu erkundigen (von wenigen Monaten bis zu 3 Jahren) und deren Tagesabl\u00e4ufe und p\u00e4dagogische Ans\u00e4tze zu verstehen. Eine fr\u00fchzeitige Anmeldung wird aufgrund der hohen Nachfrage oft empfohlen.<\/p>\n\n\n\n<h3 class=\"wp-block-heading\">Private und Genossenschaftliche Optionen<\/h3>\n\n\n\n<p class=\"wp-block-paragraph\">Diese Einrichtungen haben oft k\u00fcrzere Wartelisten und bieten m\u00f6glicherweise zweisprachige oder spezialisierte p\u00e4dagogische Ans\u00e4tze.<\/p>\n\n\n\n<ul class=\"wp-block-list\">\n<li><strong><a href=\"https:\/\/maps.app.goo.gl\/HcT5ank7WHQU56kh6\" title=\"\">Jardim Infantil da Torraltinha<\/a>:<\/strong>\n<ul class=\"wp-block-list\">\n<li><strong>Lage:<\/strong> Urbaniza\u00e7\u00e3o da Torraltinha, Lagos<\/li>\n\n\n\n<li><strong>Details:<\/strong> Ein privater Kindergarten und eine Krippe, die in einem zentralen Viertel von Lagos eine beliebte Option sind.<\/li>\n<\/ul>\n<\/li>\n\n\n\n<li><strong><a href=\"https:\/\/colegiobambino.com\/\" title=\"\">Col\u00e9gio Bambino<\/a>:<\/strong>\n<ul class=\"wp-block-list\">\n<li><strong>Lage:<\/strong> Urbaniza\u00e7\u00e3o da Atalaia, Lagos<\/li>\n\n\n\n<li><strong>Details:<\/strong> Eine private Schule mit langer Geschichte in Lagos, die bereits ab einem fr\u00fchen Alter Krippe und Vorschule anbietet. Sie setzt auf einen ganzheitlichen, familienorientierten Ansatz.<\/li>\n<\/ul>\n<\/li>\n\n\n\n<li><strong><strong><a href=\"https:\/\/www.csgoncalo.pt\/\" title=\"\">Col\u00e9gio S\u00e3o Gon\u00e7alo<\/a><\/strong>:<\/strong>\n<ul class=\"wp-block-list\">\n<li><strong>Lage:<\/strong> Luz-Lagos<\/li>\n\n\n\n<li><strong>Details:<\/strong> Eine private zweisprachige Schule, die Krippen- und Kindergartendienste f\u00fcr Kinder von <strong>4 Monaten bis 3 Jahren<\/strong> anbietet.<\/li>\n<\/ul>\n<\/li>\n\n\n\n<li><strong><a href=\"https:\/\/waldorfinfanciaviva.org\/\" title=\"\">Jardim de Inf\u00e2ncia Waldorf<\/a>:<\/strong>\n<ul class=\"wp-block-list\">\n<li><strong>Lage:<\/strong> Bar\u00e3o de S\u00e3o Jo\u00e3o, nahe Lagos<\/li>\n\n\n\n<li><strong>Details:<\/strong> Dies ist ein privater Kindergarten, der der Waldorf-P\u00e4dagogik folgt, mit Schwerpunkt auf kreativem, spielbasiertem Lernen in einer liebevollen Umgebung.<\/li>\n<\/ul>\n<\/li>\n\n\n\n<li><strong><a href=\"https:\/\/maps.app.goo.gl\/XKrgWTmYn3QCH9tVA\" title=\"\">Jardim de Inf\u00e2ncia de Alvor<\/a>:<\/strong>\n<ul class=\"wp-block-list\">\n<li><strong>Lage:<\/strong> Alvor, Portim\u00e3o<\/li>\n\n\n\n<li><strong>Details:<\/strong> Ein sehr beliebter privater Kindergarten, der direkt au\u00dferhalb von Lagos im malerischen K\u00fcstenort Alvor liegt.<\/li>\n<\/ul>\n<\/li>\n<\/ul>\n\n\n\n<h3 class=\"wp-block-heading\">\u00d6ffentliche und Gemeinn\u00fctzige Optionen<\/h3>\n\n\n\n<p class=\"wp-block-paragraph\">Diese sind Teil des \u00f6ffentlichen oder &#8220;solidarischen&#8221; Netzwerks und werden h\u00e4ufig von lokalen Sozialhilfeorganisationen verwaltet. Sie sind stark subventioniert, aufgrund der hohen Nachfrage kann es jedoch lange Wartelisten geben.<\/p>\n\n\n\n<ul class=\"wp-block-list\">\n<li><strong>EB1 e Jardim de Inf\u00e2ncia:<\/strong>\n<ul class=\"wp-block-list\">\n<li><strong>Lage:<\/strong> Verschiedene Standorte in der gesamten Region. Die EB1 da Luz befindet sich zum Beispiel im Zentrum von Luz.<\/li>\n\n\n\n<li><strong>Details:<\/strong> Dies ist eine \u00f6ffentliche Einrichtung, die sowohl Grundschule (<em>EB1<\/em>) als auch Kindergarten (<em>Jardim de Inf\u00e2ncia<\/em>) anbietet. Sie ist eine ausgezeichnete Option f\u00fcr Familien, die eine authentisch portugiesische Bildung suchen, die kostenlos angeboten wird.<\/li>\n<\/ul>\n<\/li>\n\n\n\n<li><strong>Centro Infantil de Odi\u00e1xere:<\/strong>\n<ul class=\"wp-block-list\">\n<li><strong>Lage:<\/strong> Odi\u00e1xere<\/li>\n\n\n\n<li><strong>Details:<\/strong> Eine \u00f6ffentliche, von der Santa Casa da Miseric\u00f3rdia de Lagos verwaltete Einrichtung, die Krippendienste f\u00fcr Kinder von <strong>4 bis 36 Monaten<\/strong> anbietet.<\/li>\n<\/ul>\n<\/li>\n\n\n\n<li><strong>Centro de Assist\u00eancia Social Lucinda Anino dos Santos (C.A.S.L.A.S.):<\/strong>\n<ul class=\"wp-block-list\">\n<li><strong>Lage:<\/strong> Diese Organisation betreibt mehrere \u00f6ffentliche Kinderzentren im Raum Lagos, unter anderem in <strong>Bensafrim, Chinicato, Luz und Santa Maria.<\/strong><\/li>\n\n\n\n<li><strong>Details:<\/strong> Sie bieten sowohl Krippen- als auch Vorschuldienste an und sind ein wichtiger Teil des lokalen \u00f6ffentlichen Bildungsnetzwerks.<\/li>\n<\/ul>\n<\/li>\n<\/ul>\n\n\n\n<figure class=\"wp-block-image size-full\"><img loading=\"lazy\" decoding=\"async\" width=\"1200\" height=\"800\" src=\"https:\/\/sunnysteve.com\/wp-content\/uploads\/2025\/09\/Portugal-Schools-2.png\" alt=\"\" class=\"wp-image-53038\"\/><figcaption class=\"wp-element-caption\">#image_title<\/figcaption><\/figure>\n\n\n\n<h2 class=\"wp-block-heading\">\u00d6ffentliche vs. Private Schulen in Portugal \ud83c\uddf5\ud83c\uddf9<\/h2>\n\n\n\n<p class=\"wp-block-paragraph\">F\u00fcr internationale Familien ist es entscheidend, den Unterschied zwischen dem \u00f6ffentlichen und dem privaten Schulsystem Portugals zu verstehen.<\/p>\n\n\n\n<ul class=\"wp-block-list\">\n<li><strong>\u00d6ffentliche Schulen (<em>Escolas P\u00fablicas<\/em>):<\/strong> Diese sind kostenlos und ein zentraler Bestandteil des portugiesischen nationalen Bildungssystems. Der Lehrplan wird auf <strong>Portugiesisch<\/strong> vermittelt, was f\u00fcr Kinder, die die Sprache noch nicht sprechen, eine Herausforderung sein kann. Sie sind eine ausgezeichnete Option f\u00fcr Familien, die m\u00f6chten, dass ihre Kinder vollst\u00e4ndig in die lokale Kultur und Sprache eintauchen, ben\u00f6tigen jedoch oft zus\u00e4tzliche Unterst\u00fctzung f\u00fcr Nicht-Muttersprachler.<\/li>\n\n\n\n<li><strong>Private und Internationale Schulen (<em>Col\u00e9gios Privados<\/em>):<\/strong> Dies sind kostenpflichtige Schulen, die eine breite Palette an Lehrpl\u00e4nen anbieten, am h\u00e4ufigsten das britische, amerikanische oder International-Baccalaureate-System (IB). Die Unterrichtssprache ist in der Regel Englisch, was sie bei Expat-Familien beliebt macht. Sie haben oft kleinere Klassen, ein gr\u00f6\u00dferes Angebot an au\u00dferschulischen Aktivit\u00e4ten und bereiten die Sch\u00fcler gezielt auf Universit\u00e4ten weltweit vor. &nbsp;<\/li>\n<\/ul>\n\n\n\n<h2 class=\"wp-block-heading\">\u00d6ffentliche Schulen in Lagos<\/h2>\n\n\n\n<p class=\"wp-block-paragraph\">F\u00fcr Familien, die sich in die \u00f6rtliche Gemeinschaft integrieren und das nationale Bildungssystem nutzen m\u00f6chten, verf\u00fcgt die Gemeinde Lagos \u00fcber ein starkes Netzwerk \u00f6ffentlicher Schulen. Diese sind in der Regel nach Alter gruppiert und oft Teil gr\u00f6\u00dferer &#8220;Agrupamentos de Escolas&#8221; (Schulverb\u00fcnde).<\/p>\n\n\n\n<ul class=\"wp-block-list\">\n<li><strong>Agrupamento de Escolas Gil Eanes:<\/strong> Dieser Verbund umfasst Schulen von der Vorschule bis zur Sekundarstufe, wie die <strong>Escola B\u00e1sica das Naus<\/strong> und die <strong>Escola Secund\u00e1ria Gil Eanes<\/strong>. &nbsp;<\/li>\n\n\n\n<li><strong>Agrupamento de Escolas J\u00falio Dantas:<\/strong> Auch dieser Verbund deckt eine breite Altersspanne ab, mit Schulen wie der <strong>Escola B\u00e1sica Tecnop\u00f3lis<\/strong> und der <strong>Escola Secund\u00e1ria J\u00falio Dantas<\/strong>. &nbsp;<\/li>\n\n\n\n<li><strong>Escola B\u00e1sica Centro Escolar da Luz:<\/strong> Diese Schule in Praia da Luz bietet Bildung f\u00fcr Vorschul- und Grundschulkinder. &nbsp;<\/li>\n<\/ul>\n\n\n\n<p class=\"wp-block-paragraph\">Hier finden Sie die vollst\u00e4ndige Liste der \u00f6ffentlichen Schulen: <a href=\"https:\/\/www.cm-lagos.pt\/areas-de-atuacao\/educacao\/a-escola-por-dentro\/equipamentos-educativos\/534-estabelecimentos-de-ensino-da-rede-publica\" title=\"\">Link<\/a><\/p>\n\n\n\n<p class=\"wp-block-paragraph\">Diese Schulen bieten einen vollst\u00e4ndigen Lehrplan und werden von der lokalen Verwaltung gut unterst\u00fctzt, wie auf der Website der Stadtverwaltung von Lagos n\u00e4her beschrieben.<\/p>\n\n\n\n<h2 class=\"wp-block-heading\">Die Besten Internationalen Schulen in der Westalgarve<\/h2>\n\n\n\n<p class=\"wp-block-paragraph\">Die Westalgarve beherbergt einige der renommiertesten internationalen Schulen Portugals, von denen viele f\u00fcr Bewohner von Lagos oder der n\u00e4heren Umgebung g\u00fcnstig gelegen sind.<\/p>\n\n\n\n<ul class=\"wp-block-list\">\n<li><strong><a href=\"https:\/\/www.csgoncalo.pt\/\" title=\"\">Col\u00e9gio S\u00e3o Gon\u00e7alo<\/a> (Luz):<\/strong> Im Dorf Luz gelegen, folgt diese Schule dem <strong>portugiesischen Nationallehrplan<\/strong> und legt zugleich gro\u00dfen Wert auf Sprachunterricht, einschlie\u00dflich Englisch und weiterer Sprachen. Sie ist eine ideale Wahl f\u00fcr Familien, die ein lokales, gemeinschaftliches Gef\u00fchl mit einem hohen Bildungsniveau suchen. F\u00fcr Fragen zu Stipendien empfiehlt es sich, die Schule direkt zu kontaktieren, da diese Informationen nicht \u00f6ffentlich beworben werden. <strong>Nimmt Sch\u00fcler von 0 bis 10 Jahren auf.<\/strong><br><\/li>\n\n\n\n<li><strong><a href=\"https:\/\/www.vvis.org\/\" title=\"\">Vale Verde International School<\/a> (Burgau):<\/strong> Eine etablierte Schule in Burgau, nur eine kurze Fahrt von Lagos entfernt. Vale Verde bietet einen britischen Lehrplan f\u00fcr Sch\u00fcler <strong>von 5 bis 18 Jahren<\/strong>, der zu <strong>IGCSEs und A-Levels<\/strong> f\u00fchrt. Das kleinere, famili\u00e4re Umfeld und der starke akademische Fokus machen sie bei lokalen Familien sehr beliebt. Wie bei vielen Schulen werden Stipendien von Fall zu Fall gehandhabt. &nbsp;<br><\/li>\n\n\n\n<li><strong><a href=\"https:\/\/barlavento-international.org\/\" title=\"\">Barlavento International Primary School<\/a> (Luz):<\/strong> Diese ebenfalls nahe Luz gelegene Schule richtet sich speziell an <strong>Kinder im Grundschulalter (5 bis 11 Jahre)<\/strong> und ist eine gro\u00dfartige Option f\u00fcr j\u00fcngere Sch\u00fcler. Sie ist bekannt f\u00fcr ihre liebevolle, famili\u00e4re Atmosph\u00e4re und folgt einem britischen Lehrplan. &nbsp;<br><\/li>\n\n\n\n<li><strong><a href=\"https:\/\/www.nobelalgarve.com\/\" title=\"\">Nobel Algarve British International School<\/a> (Lagoa):<\/strong> Mit Standorten in Lagoa und Almancil nimmt Nobel Sch\u00fcler im Alter von 3 bis 18 Jahren auf. Es ist die gr\u00f6\u00dfte und etablierteste private Schulgruppe der Region. Sie bietet den vollst\u00e4ndigen britischen Lehrplan, einschlie\u00dflich IGCSEs und A-Levels, sowie das International Baccalaureate (IB) Diploma. Zus\u00e4tzlich bietet die Schule einen umfangreichen Schulbusservice, der die gesamte Westalgarve von Faro bis Praia da Luz abdeckt.<br><\/li>\n\n\n\n<li><strong><a href=\"https:\/\/aljezur-international.org\/\" title=\"\">Aljezur International School<\/a> (Aljezur):<\/strong> Diese Schule liegt in einer ruhigen Gegend an der Westk\u00fcste und richtet sich an Kinder im Alter von <strong>11 bis 18<\/strong> Jahren. Sie bietet einen individuell angepassten britischen Lehrplan mit starkem Fokus auf Kreativit\u00e4t und Naturverbundenheit. Die kleineren Klassen und die entspannte Atmosph\u00e4re machen sie zu einer idealen Wahl f\u00fcr Familien in den Gebieten Aljezur, Sagres oder Costa Vicentina.<\/li>\n<\/ul>\n\n\n\n<figure class=\"wp-block-image size-full\"><img loading=\"lazy\" decoding=\"async\" width=\"1200\" height=\"800\" src=\"https:\/\/sunnysteve.com\/wp-content\/uploads\/2025\/09\/Portugal-Schools-3.png\" alt=\"\" class=\"wp-image-53039\"\/><figcaption class=\"wp-element-caption\">#image_title<\/figcaption><\/figure>\n\n\n\n<h2 class=\"wp-block-heading\">Alternative Bildungsans\u00e4tze<\/h2>\n\n\n\n<p class=\"wp-block-paragraph\">\u00dcber die traditionellen Schulmodelle hinaus bietet die Algarve auch ausgezeichnete alternative p\u00e4dagogische Philosophien, die sich auf ganzheitliche Entwicklung und nicht-traditionelle Lernwege konzentrieren.<\/p>\n\n\n\n<ul class=\"wp-block-list\">\n<li><strong>Montessori-Schulen<\/strong> an der Algarve, wie die <a href=\"https:\/\/edenmontessori.pt\/\" title=\"\">Eden Montessori International School in Albufeira<\/a>, richten sich in der Regel an j\u00fcngere Kinder, typischerweise von <strong>3 bis 12 Jahren<\/strong>. Dieser Ansatz eignet sich ideal f\u00fcr Familien, die ein kindzentriertes, praxisorientiertes Lernumfeld sch\u00e4tzen, das Selbstst\u00e4ndigkeit und Lernfreude f\u00f6rdert.<\/li>\n\n\n\n<li><strong>Waldorfschulen<\/strong> bieten eine Bildung, die intellektuelle, k\u00fcnstlerische und praktische F\u00e4higkeiten miteinander verbindet. Die \u00f6rtliche <strong><a href=\"https:\/\/www.escolawaldorfaoliveira.org\/en\/index.html\" title=\"\">Escola Waldorf a Oliveira<\/a><\/strong>, mit Standort in Vila do Bispo, bietet einen Lehrplan von der <strong>1. bis zur 8. Klasse<\/strong> (ungef\u00e4hr im Alter von 6 bis 14 Jahren), mit starkem Schwerpunkt auf einem kreativen Ansatz ohne Lehrb\u00fccher, sowie die <a href=\"https:\/\/waldorfinfanciaviva.org\" title=\"\">Waldorf Inf\u00e2ncia Viva<\/a> in Bar\u00e3o de S\u00e3o Jo\u00e3o f\u00fcr die J\u00fcngeren.<\/li>\n\n\n\n<li>F\u00fcr alle, die maximale Flexibilit\u00e4t suchen, ist die <strong><a href=\"https:\/\/bravegenerationacademy.com\/\" title=\"\">Brave Generation Academy (BGA)<\/a><\/strong> genau richtig. Ihr Hybridmodell bietet Sekundarschulbildung f\u00fcr Sch\u00fcler ab <strong>12 Jahren<\/strong> und kombiniert Online-Lernen mit pers\u00f6nlichen sozialen Treffpunkten. So k\u00f6nnen Sch\u00fcler Leidenschaften wie Surfen oder Reisen nachgehen und gleichzeitig international anerkannte Qualifikationen erwerben.<\/li>\n<\/ul>\n\n\n\n<p class=\"wp-block-paragraph\">Diese Optionen zeigen die reiche und vielf\u00e4ltige Bildungslandschaft, die Familien beim Umzug an die Algarve zur Verf\u00fcgung steht, sodass Sie eine Schule finden k\u00f6nnen, die wirklich zu den Werten Ihrer Familie und dem Lernstil Ihres Kindes passt.<\/p>\n\n\n\n<h2 class=\"wp-block-heading\">Fazit: Die Perfekte Wahl f\u00fcr Ihre Familie an der Algarve Finden<\/h2>\n\n\n\n<p class=\"wp-block-paragraph\">Die Wahl einer Schule ist der erste Schritt auf dem Weg einer Familie in ein neues Leben, und an der Algarve haben Sie die Qual der Wahl. Von der vollst\u00e4ndigen Immersion des \u00f6ffentlichen Schulsystems bis hin zu den vielf\u00e4ltigen und angesehenen internationalen Schulen gibt es f\u00fcr jedes Kind das perfekte Bildungsumfeld. Als Immobilienexperte in Lagos und der Westalgarve ist es mein Ziel, Ihnen zu helfen, nicht nur ein Haus, sondern ein Zuhause zu finden, in dem Ihre Familie aufbl\u00fchen kann. Wenn Sie einen Umzug in Betracht ziehen und Fragen zu Wohnvierteln, Gemeinschaften oder Immobilien in der N\u00e4he Ihrer bevorzugten Schulen haben, z\u00f6gern Sie nicht, sich an mich zu wenden. Gemeinsam k\u00f6nnen wir eine Immobilie finden, die perfekt zu den Bildungs- und Lebensstilbed\u00fcrfnissen Ihrer Familie in dieser wundersch\u00f6nen Ecke der Welt passt.<\/p>\n\n\n\n<ul class=\"wp-block-list\">\n<li><a href=\"https:\/\/sunnysteve.com\/de\/\" title=\"\">Suchen Sie fachkundige Beratung beim Immobilienkauf in Lagos?<\/a><\/li>\n\n\n\n<li><a href=\"https:\/\/sunnysteve.com\/de\/suchergebnisse\/?bedrooms=&#038;min-price=&#038;max-price=&#038;property_id=&#038;feature%5B%5D=rental-investment&#038;feature%5B%5D=swimming-pool\" title=\"\">Eine Auswahl unserer besten Immobilien f\u00fcr &#8220;Mieteinnahmen&#8221; in Lagos<\/a><\/li>\n\n\n\n<li><a href=\"https:\/\/sunnysteve.com\/de\/immobilien\/\" title=\"\">Eine Auswahl der besten Immobilien in Lagos, Algarve<\/a><\/li>\n\n\n\n<li><a href=\"https:\/\/sunnysteve.com\/de\/leitfaden-fuer-kaeufer-ihr-ultimativer-leitfaden-fuer-den-kauf-von-immobilien-in-portugal\/\" title=\"\">Der &#8220;K\u00e4uferleitfaden&#8221;: alles, was Sie \u00fcber den Immobilienkauf in Portugal wissen m\u00fcssen<\/a><\/li>\n\n\n\n<li><a href=\"https:\/\/sunnysteve.com\/sellwithsteve\/\" title=\"\">M\u00f6chten Sie Ihre Immobilie verkaufen? &gt; Verkaufen Sie mit Steve<\/a><\/li>\n<\/ul>\n\n\n\n<p class=\"wp-block-paragraph\"><\/p>\n","protected":false},"excerpt":{"rendered":"<p>Ein umfassender Leitfaden zu Schulen in Lagos und der Westalgarve: Kinderbetreuung, das portugiesische \u00f6ffentliche Schulsystem und die wichtigsten internationalen Schulen, damit Ihre Familie die richtige Wahl trifft.<\/p>\n","protected":false},"author":6,"featured_media":53037,"comment_status":"closed","ping_status":"closed","sticky":false,"template":"","format":"standard","meta":{"footnotes":""},"categories":[407],"tags":[],"class_list":["post-53615","post","type-post","status-publish","format-standard","has-post-thumbnail","hentry","category-lebensstil"],"aioseo_notices":[],"aioseo_head":"\n\t\t<!-- All in One SEO 5.0.1.1 - aioseo.com -->\n\t<meta name=\"description\" content=\"Ein umfassender Leitfaden zu Schulen in Lagos und der Westalgarve: Kinderbetreuung, das portugiesische \u00f6ffentliche Schulsystem und die wichtigsten internationalen Schulen, damit Ihre Familie die richtige Wahl trifft.\" \/>\n\t<meta name=\"robots\" content=\"max-image-preview:large\" \/>\n\t<meta name=\"author\" content=\"Steve Marqu\u00e9\"\/>\n\t<meta name=\"google-site-verification\" content=\"6Spa-o41CcNSMq81uVrBXskB-BVQKssFNgXlgComdWc\" \/>\n\t<link rel=\"canonical\" href=\"https:\/\/sunnysteve.com\/de\/schulfuehrer-lagos-westalgarve\/\" \/>\n\t<meta name=\"generator\" content=\"All in One SEO (AIOSEO) 5.0.1.1\" \/>\n\t\t<meta property=\"og:locale\" content=\"de_DE\" \/>\n\t\t<meta property=\"og:site_name\" content=\"SunnySteve | Lagos and Western Algarve Real Estate \u00bb We help International buyers find home in the Algarve\" \/>\n\t\t<meta property=\"og:type\" content=\"article\" \/>\n\t\t<meta property=\"og:title\" content=\"Der Ultimative Schulf\u00fchrer f\u00fcr Lagos und die Westalgarve: Die Perfekte Wahl f\u00fcr Ihre Familie\" \/>\n\t\t<meta property=\"og:description\" content=\"Ein umfassender Leitfaden zu Schulen in Lagos und der Westalgarve: Kinderbetreuung, das portugiesische \u00f6ffentliche Schulsystem und die wichtigsten internationalen Schulen, damit Ihre Familie die richtige Wahl trifft.\" \/>\n\t\t<meta property=\"og:url\" content=\"https:\/\/sunnysteve.com\/de\/schulfuehrer-lagos-westalgarve\/\" \/>\n\t\t<meta property=\"og:image\" content=\"https:\/\/sunnysteve.com\/wp-content\/uploads\/2025\/09\/Portugal-Schools-1.png\" \/>\n\t\t<meta property=\"og:image:secure_url\" content=\"https:\/\/sunnysteve.com\/wp-content\/uploads\/2025\/09\/Portugal-Schools-1.png\" \/>\n\t\t<meta property=\"og:image:width\" content=\"1200\" \/>\n\t\t<meta property=\"og:image:height\" content=\"800\" \/>\n\t\t<meta property=\"article:published_time\" content=\"2025-09-09T16:29:38+00:00\" \/>\n\t\t<meta property=\"article:modified_time\" content=\"2026-09-05T07:24:48+00:00\" \/>\n\t\t<meta property=\"article:publisher\" content=\"https:\/\/www.facebook.com\/sunnystevealgarve\" \/>\n\t\t<meta property=\"article:author\" content=\"https:\/\/www.facebook.com\/sunnystevealgarve\" \/>\n\t\t<meta name=\"twitter:card\" content=\"summary_large_image\" \/>\n\t\t<meta name=\"twitter:site\" content=\"@sunnysteve_pt\" \/>\n\t\t<meta name=\"twitter:title\" content=\"Der Ultimative Schulf\u00fchrer f\u00fcr Lagos und die Westalgarve: Die Perfekte Wahl f\u00fcr Ihre Familie\" \/>\n\t\t<meta name=\"twitter:description\" content=\"Ein umfassender Leitfaden zu Schulen in Lagos und der Westalgarve: Kinderbetreuung, das portugiesische \u00f6ffentliche Schulsystem und die wichtigsten internationalen Schulen, damit Ihre Familie die richtige Wahl trifft.\" \/>\n\t\t<meta name=\"twitter:creator\" content=\"@sunnysteve_pt\" \/>\n\t\t<meta name=\"twitter:image\" content=\"https:\/\/sunnysteve.com\/wp-content\/uploads\/2025\/09\/Portugal-Schools-1.png\" \/>\n\t\t<script type=\"application\/ld+json\" class=\"aioseo-schema\">\n\t\t\t{\"@context\":\"https:\\\/\\\/schema.org\",\"@graph\":[{\"@type\":\"BlogPosting\",\"@id\":\"https:\\\/\\\/sunnysteve.com\\\/de\\\/schulfuehrer-lagos-westalgarve\\\/#blogposting\",\"name\":\"Der Ultimative Schulf\\u00fchrer f\\u00fcr Lagos und die Westalgarve: Die Perfekte Wahl f\\u00fcr Ihre Familie\",\"headline\":\"Der Ultimative Schulf\\u00fchrer f\\u00fcr Lagos und die Westalgarve: Die Perfekte Wahl f\\u00fcr Ihre Familie\",\"author\":{\"@id\":\"https:\\\/\\\/sunnysteve.com\\\/de\\\/author\\\/sunny-steve\\\/#author\"},\"publisher\":{\"@id\":\"https:\\\/\\\/sunnysteve.com\\\/de\\\/#organization\"},\"image\":{\"@type\":\"ImageObject\",\"url\":\"https:\\\/\\\/sunnysteve.com\\\/wp-content\\\/uploads\\\/2025\\\/09\\\/Portugal-Schools-1.png\",\"width\":1200,\"height\":800,\"caption\":\"#image_title\"},\"datePublished\":\"2025-09-09T17:29:38+01:00\",\"dateModified\":\"2026-09-05T08:24:48+01:00\",\"inLanguage\":\"de-DE\",\"mainEntityOfPage\":{\"@id\":\"https:\\\/\\\/sunnysteve.com\\\/de\\\/schulfuehrer-lagos-westalgarve\\\/#webpage\"},\"isPartOf\":{\"@id\":\"https:\\\/\\\/sunnysteve.com\\\/de\\\/schulfuehrer-lagos-westalgarve\\\/#webpage\"},\"articleSection\":\"Lebensstil, Optional\"},{\"@type\":\"BreadcrumbList\",\"@id\":\"https:\\\/\\\/sunnysteve.com\\\/de\\\/schulfuehrer-lagos-westalgarve\\\/#breadcrumblist\",\"itemListElement\":[{\"@type\":\"ListItem\",\"@id\":\"https:\\\/\\\/sunnysteve.com\\\/de\\\/#listItem\",\"position\":1,\"name\":\"Home\",\"item\":\"https:\\\/\\\/sunnysteve.com\\\/de\\\/\",\"nextItem\":{\"@type\":\"ListItem\",\"@id\":\"https:\\\/\\\/sunnysteve.com\\\/de\\\/category\\\/lebensstil\\\/#listItem\",\"name\":\"Lebensstil\"}},{\"@type\":\"ListItem\",\"@id\":\"https:\\\/\\\/sunnysteve.com\\\/de\\\/category\\\/lebensstil\\\/#listItem\",\"position\":2,\"name\":\"Lebensstil\",\"item\":\"https:\\\/\\\/sunnysteve.com\\\/de\\\/category\\\/lebensstil\\\/\",\"nextItem\":{\"@type\":\"ListItem\",\"@id\":\"https:\\\/\\\/sunnysteve.com\\\/de\\\/schulfuehrer-lagos-westalgarve\\\/#listItem\",\"name\":\"Der Ultimative Schulf\\u00fchrer f\\u00fcr Lagos und die Westalgarve: Die Perfekte Wahl f\\u00fcr Ihre Familie\"},\"previousItem\":{\"@type\":\"ListItem\",\"@id\":\"https:\\\/\\\/sunnysteve.com\\\/de\\\/#listItem\",\"name\":\"Home\"}},{\"@type\":\"ListItem\",\"@id\":\"https:\\\/\\\/sunnysteve.com\\\/de\\\/schulfuehrer-lagos-westalgarve\\\/#listItem\",\"position\":3,\"name\":\"Der Ultimative Schulf\\u00fchrer f\\u00fcr Lagos und die Westalgarve: Die Perfekte Wahl f\\u00fcr Ihre Familie\",\"previousItem\":{\"@type\":\"ListItem\",\"@id\":\"https:\\\/\\\/sunnysteve.com\\\/de\\\/category\\\/lebensstil\\\/#listItem\",\"name\":\"Lebensstil\"}}]},{\"@type\":\"Organization\",\"@id\":\"https:\\\/\\\/sunnysteve.com\\\/de\\\/#organization\",\"name\":\"SunnySteve | Lagos Algarve Real Estate\",\"description\":\"Twenty years of real estate mastery, now focused on Portugal's Western Algarve. SunnySteve guides expats and international clients through buying and selling in Lagos and along the surrounding coast, in English, French, Dutch and Portuguese. Brokered by eXp Realty.\",\"url\":\"https:\\\/\\\/sunnysteve.com\\\/de\\\/\",\"email\":\"info@sunnysteve.com\",\"telephone\":\"+351934916657\",\"logo\":{\"@type\":\"ImageObject\",\"url\":\"https:\\\/\\\/sunnysteve.com\\\/wp-content\\\/uploads\\\/2025\\\/05\\\/Sunny-Steve-Logo-2025-Blue.png\",\"@id\":\"https:\\\/\\\/sunnysteve.com\\\/de\\\/schulfuehrer-lagos-westalgarve\\\/#organizationLogo\"},\"image\":{\"@id\":\"https:\\\/\\\/sunnysteve.com\\\/de\\\/schulfuehrer-lagos-westalgarve\\\/#organizationLogo\"},\"sameAs\":[\"https:\\\/\\\/www.facebook.com\\\/sunnystevealgarve\",\"https:\\\/\\\/x.com\\\/sunnysteve_pt\",\"https:\\\/\\\/www.instagram.com\\\/sunnysteve_algarve\\\/\",\"https:\\\/\\\/www.tiktok.com\\\/@sunnysteve_algarve\",\"https:\\\/\\\/www.youtube.com\\\/@sunnysteve_algarve\",\"https:\\\/\\\/www.linkedin.com\\\/in\\\/stevemarque\\\/\"]},{\"@type\":\"Person\",\"@id\":\"https:\\\/\\\/sunnysteve.com\\\/de\\\/author\\\/sunny-steve\\\/#author\",\"url\":\"https:\\\/\\\/sunnysteve.com\\\/de\\\/author\\\/sunny-steve\\\/\",\"name\":\"Steve Marqu\\u00e9\",\"image\":{\"@type\":\"ImageObject\",\"@id\":\"https:\\\/\\\/sunnysteve.com\\\/de\\\/schulfuehrer-lagos-westalgarve\\\/#authorImage\",\"url\":\"https:\\\/\\\/sunnysteve.com\\\/wp-content\\\/litespeed\\\/avatar\\\/33c97456a03f6a661e8c013a6b06dff0.jpg?ver=1788366691\",\"width\":96,\"height\":96,\"caption\":\"Steve Marqu\\u00e9\"},\"sameAs\":[\"https:\\\/\\\/www.facebook.com\\\/sunnystevealgarve\",\"https:\\\/\\\/x.com\\\/sunnysteve_pt\",\"https:\\\/\\\/www.instagram.com\\\/sunnysteve_algarve\",\"https:\\\/\\\/www.tiktok.com\\\/@sunnysteve_algarve\",\"https:\\\/\\\/www.youtube.com\\\/@sunnysteve_algarve\",\"https:\\\/\\\/www.linkedin.com\\\/in\\\/stevemarque\\\/\"]},{\"@type\":\"WebPage\",\"@id\":\"https:\\\/\\\/sunnysteve.com\\\/de\\\/schulfuehrer-lagos-westalgarve\\\/#webpage\",\"url\":\"https:\\\/\\\/sunnysteve.com\\\/de\\\/schulfuehrer-lagos-westalgarve\\\/\",\"name\":\"Der Ultimative Schulf\\u00fchrer f\\u00fcr Lagos und die Westalgarve: Die Perfekte Wahl f\\u00fcr Ihre Familie\",\"description\":\"Ein umfassender Leitfaden zu Schulen in Lagos und der Westalgarve: Kinderbetreuung, das portugiesische \\u00f6ffentliche Schulsystem und die wichtigsten internationalen Schulen, damit Ihre Familie die richtige Wahl trifft.\",\"inLanguage\":\"de-DE\",\"isPartOf\":{\"@id\":\"https:\\\/\\\/sunnysteve.com\\\/de\\\/#website\"},\"breadcrumb\":{\"@id\":\"https:\\\/\\\/sunnysteve.com\\\/de\\\/schulfuehrer-lagos-westalgarve\\\/#breadcrumblist\"},\"author\":{\"@id\":\"https:\\\/\\\/sunnysteve.com\\\/de\\\/author\\\/sunny-steve\\\/#author\"},\"creator\":{\"@id\":\"https:\\\/\\\/sunnysteve.com\\\/de\\\/author\\\/sunny-steve\\\/#author\"},\"image\":{\"@type\":\"ImageObject\",\"url\":\"https:\\\/\\\/sunnysteve.com\\\/wp-content\\\/uploads\\\/2025\\\/09\\\/Portugal-Schools-1.png\",\"@id\":\"https:\\\/\\\/sunnysteve.com\\\/de\\\/schulfuehrer-lagos-westalgarve\\\/#mainImage\",\"width\":1200,\"height\":800,\"caption\":\"#image_title\"},\"primaryImageOfPage\":{\"@id\":\"https:\\\/\\\/sunnysteve.com\\\/de\\\/schulfuehrer-lagos-westalgarve\\\/#mainImage\"},\"datePublished\":\"2025-09-09T17:29:38+01:00\",\"dateModified\":\"2026-09-05T08:24:48+01:00\"},{\"@type\":\"WebSite\",\"@id\":\"https:\\\/\\\/sunnysteve.com\\\/de\\\/#website\",\"url\":\"https:\\\/\\\/sunnysteve.com\\\/de\\\/\",\"name\":\"SunnySteve | eXp - Lagos Algarve Real Estate\",\"alternateName\":\"Steve Marqu\\u00e9\",\"description\":\"We help International buyers find home in the Algarve\",\"inLanguage\":\"de-DE\",\"publisher\":{\"@id\":\"https:\\\/\\\/sunnysteve.com\\\/de\\\/#organization\"}}]}\n\t\t<\/script>\n\t\t<!-- All in One SEO -->\n\n","aioseo_head_json":{"title":"Der Ultimative Schulf\u00fchrer f\u00fcr Lagos und die Westalgarve: Die Perfekte Wahl f\u00fcr Ihre Familie","description":"Ein umfassender Leitfaden zu Schulen in Lagos und der Westalgarve: Kinderbetreuung, das portugiesische \u00f6ffentliche Schulsystem und die wichtigsten internationalen Schulen, damit Ihre Familie die richtige Wahl trifft.","canonical_url":"https:\/\/sunnysteve.com\/de\/schulfuehrer-lagos-westalgarve\/","robots":"max-image-preview:large","keywords":"","webmasterTools":{"google-site-verification":"6Spa-o41CcNSMq81uVrBXskB-BVQKssFNgXlgComdWc","miscellaneous":""},"schema":{"@context":"https:\/\/schema.org","@graph":[{"@type":"BlogPosting","@id":"https:\/\/sunnysteve.com\/de\/schulfuehrer-lagos-westalgarve\/#blogposting","name":"Der Ultimative Schulf\u00fchrer f\u00fcr Lagos und die Westalgarve: Die Perfekte Wahl f\u00fcr Ihre Familie","headline":"Der Ultimative Schulf\u00fchrer f\u00fcr Lagos und die Westalgarve: Die Perfekte Wahl f\u00fcr Ihre Familie","author":{"@id":"https:\/\/sunnysteve.com\/de\/author\/sunny-steve\/#author"},"publisher":{"@id":"https:\/\/sunnysteve.com\/de\/#organization"},"image":{"@type":"ImageObject","url":"https:\/\/sunnysteve.com\/wp-content\/uploads\/2025\/09\/Portugal-Schools-1.png","width":1200,"height":800,"caption":"#image_title"},"datePublished":"2025-09-09T17:29:38+01:00","dateModified":"2026-09-05T08:24:48+01:00","inLanguage":"de-DE","mainEntityOfPage":{"@id":"https:\/\/sunnysteve.com\/de\/schulfuehrer-lagos-westalgarve\/#webpage"},"isPartOf":{"@id":"https:\/\/sunnysteve.com\/de\/schulfuehrer-lagos-westalgarve\/#webpage"},"articleSection":"Lebensstil, Optional"},{"@type":"BreadcrumbList","@id":"https:\/\/sunnysteve.com\/de\/schulfuehrer-lagos-westalgarve\/#breadcrumblist","itemListElement":[{"@type":"ListItem","@id":"https:\/\/sunnysteve.com\/de\/#listItem","position":1,"name":"Home","item":"https:\/\/sunnysteve.com\/de\/","nextItem":{"@type":"ListItem","@id":"https:\/\/sunnysteve.com\/de\/category\/lebensstil\/#listItem","name":"Lebensstil"}},{"@type":"ListItem","@id":"https:\/\/sunnysteve.com\/de\/category\/lebensstil\/#listItem","position":2,"name":"Lebensstil","item":"https:\/\/sunnysteve.com\/de\/category\/lebensstil\/","nextItem":{"@type":"ListItem","@id":"https:\/\/sunnysteve.com\/de\/schulfuehrer-lagos-westalgarve\/#listItem","name":"Der Ultimative Schulf\u00fchrer f\u00fcr Lagos und die Westalgarve: Die Perfekte Wahl f\u00fcr Ihre Familie"},"previousItem":{"@type":"ListItem","@id":"https:\/\/sunnysteve.com\/de\/#listItem","name":"Home"}},{"@type":"ListItem","@id":"https:\/\/sunnysteve.com\/de\/schulfuehrer-lagos-westalgarve\/#listItem","position":3,"name":"Der Ultimative Schulf\u00fchrer f\u00fcr Lagos und die Westalgarve: Die Perfekte Wahl f\u00fcr Ihre Familie","previousItem":{"@type":"ListItem","@id":"https:\/\/sunnysteve.com\/de\/category\/lebensstil\/#listItem","name":"Lebensstil"}}]},{"@type":"Organization","@id":"https:\/\/sunnysteve.com\/de\/#organization","name":"SunnySteve | Lagos Algarve Real Estate","description":"Twenty years of real estate mastery, now focused on Portugal's Western Algarve. SunnySteve guides expats and international clients through buying and selling in Lagos and along the surrounding coast, in English, French, Dutch and Portuguese. Brokered by eXp Realty.","url":"https:\/\/sunnysteve.com\/de\/","email":"info@sunnysteve.com","telephone":"+351934916657","logo":{"@type":"ImageObject","url":"https:\/\/sunnysteve.com\/wp-content\/uploads\/2025\/05\/Sunny-Steve-Logo-2025-Blue.png","@id":"https:\/\/sunnysteve.com\/de\/schulfuehrer-lagos-westalgarve\/#organizationLogo"},"image":{"@id":"https:\/\/sunnysteve.com\/de\/schulfuehrer-lagos-westalgarve\/#organizationLogo"},"sameAs":["https:\/\/www.facebook.com\/sunnystevealgarve","https:\/\/x.com\/sunnysteve_pt","https:\/\/www.instagram.com\/sunnysteve_algarve\/","https:\/\/www.tiktok.com\/@sunnysteve_algarve","https:\/\/www.youtube.com\/@sunnysteve_algarve","https:\/\/www.linkedin.com\/in\/stevemarque\/"]},{"@type":"Person","@id":"https:\/\/sunnysteve.com\/de\/author\/sunny-steve\/#author","url":"https:\/\/sunnysteve.com\/de\/author\/sunny-steve\/","name":"Steve Marqu\u00e9","image":{"@type":"ImageObject","@id":"https:\/\/sunnysteve.com\/de\/schulfuehrer-lagos-westalgarve\/#authorImage","url":"https:\/\/sunnysteve.com\/wp-content\/litespeed\/avatar\/33c97456a03f6a661e8c013a6b06dff0.jpg?ver=1788366691","width":96,"height":96,"caption":"Steve Marqu\u00e9"},"sameAs":["https:\/\/www.facebook.com\/sunnystevealgarve","https:\/\/x.com\/sunnysteve_pt","https:\/\/www.instagram.com\/sunnysteve_algarve","https:\/\/www.tiktok.com\/@sunnysteve_algarve","https:\/\/www.youtube.com\/@sunnysteve_algarve","https:\/\/www.linkedin.com\/in\/stevemarque\/"]},{"@type":"WebPage","@id":"https:\/\/sunnysteve.com\/de\/schulfuehrer-lagos-westalgarve\/#webpage","url":"https:\/\/sunnysteve.com\/de\/schulfuehrer-lagos-westalgarve\/","name":"Der Ultimative Schulf\u00fchrer f\u00fcr Lagos und die Westalgarve: Die Perfekte Wahl f\u00fcr Ihre Familie","description":"Ein umfassender Leitfaden zu Schulen in Lagos und der Westalgarve: Kinderbetreuung, das portugiesische \u00f6ffentliche Schulsystem und die wichtigsten internationalen Schulen, damit Ihre Familie die richtige Wahl trifft.","inLanguage":"de-DE","isPartOf":{"@id":"https:\/\/sunnysteve.com\/de\/#website"},"breadcrumb":{"@id":"https:\/\/sunnysteve.com\/de\/schulfuehrer-lagos-westalgarve\/#breadcrumblist"},"author":{"@id":"https:\/\/sunnysteve.com\/de\/author\/sunny-steve\/#author"},"creator":{"@id":"https:\/\/sunnysteve.com\/de\/author\/sunny-steve\/#author"},"image":{"@type":"ImageObject","url":"https:\/\/sunnysteve.com\/wp-content\/uploads\/2025\/09\/Portugal-Schools-1.png","@id":"https:\/\/sunnysteve.com\/de\/schulfuehrer-lagos-westalgarve\/#mainImage","width":1200,"height":800,"caption":"#image_title"},"primaryImageOfPage":{"@id":"https:\/\/sunnysteve.com\/de\/schulfuehrer-lagos-westalgarve\/#mainImage"},"datePublished":"2025-09-09T17:29:38+01:00","dateModified":"2026-09-05T08:24:48+01:00"},{"@type":"WebSite","@id":"https:\/\/sunnysteve.com\/de\/#website","url":"https:\/\/sunnysteve.com\/de\/","name":"SunnySteve | eXp - Lagos Algarve Real Estate","alternateName":"Steve Marqu\u00e9","description":"We help International buyers find home in the Algarve","inLanguage":"de-DE","publisher":{"@id":"https:\/\/sunnysteve.com\/de\/#organization"}}]},"og:locale":"de_DE","og:site_name":"SunnySteve | Lagos and Western Algarve Real Estate \u00bb We help International buyers find home in the Algarve","og:type":"article","og:title":"Der Ultimative Schulf\u00fchrer f\u00fcr Lagos und die Westalgarve: Die Perfekte Wahl f\u00fcr Ihre Familie","og:description":"Ein umfassender Leitfaden zu Schulen in Lagos und der Westalgarve: Kinderbetreuung, das portugiesische \u00f6ffentliche Schulsystem und die wichtigsten internationalen Schulen, damit Ihre Familie die richtige Wahl trifft.","og:url":"https:\/\/sunnysteve.com\/de\/schulfuehrer-lagos-westalgarve\/","og:image":"https:\/\/sunnysteve.com\/wp-content\/uploads\/2025\/09\/Portugal-Schools-1.png","og:image:secure_url":"https:\/\/sunnysteve.com\/wp-content\/uploads\/2025\/09\/Portugal-Schools-1.png","og:image:width":1200,"og:image:height":800,"article:published_time":"2025-09-09T16:29:38+00:00","article:modified_time":"2026-09-05T07:24:48+00:00","article:publisher":"https:\/\/www.facebook.com\/sunnystevealgarve","article:author":"https:\/\/www.facebook.com\/sunnystevealgarve","twitter:card":"summary_large_image","twitter:site":"@sunnysteve_pt","twitter:title":"Der Ultimative Schulf\u00fchrer f\u00fcr Lagos und die Westalgarve: Die Perfekte Wahl f\u00fcr Ihre Familie","twitter:description":"Ein umfassender Leitfaden zu Schulen in Lagos und der Westalgarve: Kinderbetreuung, das portugiesische \u00f6ffentliche Schulsystem und die wichtigsten internationalen Schulen, damit Ihre Familie die richtige Wahl trifft.","twitter:creator":"@sunnysteve_pt","twitter:image":"https:\/\/sunnysteve.com\/wp-content\/uploads\/2025\/09\/Portugal-Schools-1.png"},"aioseo_meta_data":{"post_id":"53615","title":null,"description":null,"keywords":null,"keyphrases":{"focus":{"keyphrase":"","score":0,"analysis":{"keyphraseInTitle":{"score":0,"maxScore":9,"error":1}}},"additional":[]},"primary_term":null,"canonical_url":null,"og_title":null,"og_description":null,"og_object_type":"default","og_image_type":"default","og_image_url":null,"og_image_width":null,"og_image_height":null,"og_image_custom_url":null,"og_image_custom_fields":null,"og_video":"","og_custom_url":null,"og_article_section":null,"og_article_tags":null,"twitter_use_og":false,"twitter_card":"default","twitter_image_type":"default","twitter_image_url":null,"twitter_image_custom_url":null,"twitter_image_custom_fields":null,"twitter_title":null,"twitter_description":null,"schema":{"blockGraphs":[],"customGraphs":[],"default":{"data":{"Article":[],"Course":[],"Dataset":[],"FAQPage":[],"Movie":[],"Person":[],"Product":[],"ProductReview":[],"Car":[],"Recipe":[],"Service":[],"SoftwareApplication":[],"WebPage":[]},"graphName":"BlogPosting","isEnabled":true},"graphs":[]},"schema_type":"default","schema_type_options":null,"pillar_content":false,"robots_default":true,"robots_noindex":false,"robots_noarchive":false,"robots_nosnippet":false,"robots_nofollow":false,"robots_noimageindex":false,"robots_noodp":false,"robots_notranslate":false,"robots_max_snippet":"-1","robots_max_videopreview":"-1","robots_max_imagepreview":"large","priority":null,"frequency":"default","local_seo":null,"seo_analyzer_scan_date":"2026-05-12 22:29:18","breadcrumb_settings":null,"limit_modified_date":false,"reviewed_by":"0","open_ai":null,"ai":{"faqs":[],"keyPoints":[],"titles":[],"descriptions":[],"socialPosts":{"email":[],"linkedin":[],"twitter":[],"facebook":[],"instagram":[]}},"created":"2025-09-23 13:30:53","updated":"2026-09-05 08:09:07","focus_keyword":null,"additional_keywords":null,"truseo_locale":null},"aioseo_breadcrumb":"<div class=\"aioseo-breadcrumbs\"><span class=\"aioseo-breadcrumb\">\n\t\t\t<a href=\"https:\/\/sunnysteve.com\/de\/\" title=\"Home\">Home<\/a>\n\t\t<\/span><span class=\"aioseo-breadcrumb-separator\">\u00bb<\/span><span class=\"aioseo-breadcrumb\">\n\t\t\t<a href=\"https:\/\/sunnysteve.com\/de\/category\/lebensstil\/\" title=\"Lebensstil\">Lebensstil<\/a>\n\t\t<\/span><span class=\"aioseo-breadcrumb-separator\">\u00bb<\/span><span class=\"aioseo-breadcrumb\">\n\t\t\tDer Ultimative Schulf\u00fchrer f\u00fcr Lagos und die Westalgarve: Die Perfekte Wahl f\u00fcr Ihre Familie\n\t\t<\/span><\/div>","aioseo_breadcrumb_json":[{"label":"Home","link":"https:\/\/sunnysteve.com\/de\/"},{"label":"Lebensstil","link":"https:\/\/sunnysteve.com\/de\/category\/lebensstil\/"},{"label":"Der Ultimative Schulf\u00fchrer f\u00fcr Lagos und die Westalgarve: Die Perfekte Wahl f\u00fcr Ihre Familie","link":"https:\/\/sunnysteve.com\/de\/schulfuehrer-lagos-westalgarve\/"}],"_links":{"self":[{"href":"https:\/\/sunnysteve.com\/de\/wp-json\/wp\/v2\/posts\/53615","targetHints":{"allow":["GET"]}}],"collection":[{"href":"https:\/\/sunnysteve.com\/de\/wp-json\/wp\/v2\/posts"}],"about":[{"href":"https:\/\/sunnysteve.com\/de\/wp-json\/wp\/v2\/types\/post"}],"author":[{"embeddable":true,"href":"https:\/\/sunnysteve.com\/de\/wp-json\/wp\/v2\/users\/6"}],"replies":[{"embeddable":true,"href":"https:\/\/sunnysteve.com\/de\/wp-json\/wp\/v2\/comments?post=53615"}],"version-history":[{"count":1,"href":"https:\/\/sunnysteve.com\/de\/wp-json\/wp\/v2\/posts\/53615\/revisions"}],"predecessor-version":[{"id":119016,"href":"https:\/\/sunnysteve.com\/de\/wp-json\/wp\/v2\/posts\/53615\/revisions\/119016"}],"wp:featuredmedia":[{"embeddable":true,"href":"https:\/\/sunnysteve.com\/de\/wp-json\/wp\/v2\/media\/53037"}],"wp:attachment":[{"href":"https:\/\/sunnysteve.com\/de\/wp-json\/wp\/v2\/media?parent=53615"}],"wp:term":[{"taxonomy":"category","embeddable":true,"href":"https:\/\/sunnysteve.com\/de\/wp-json\/wp\/v2\/categories?post=53615"},{"taxonomy":"post_tag","embeddable":true,"href":"https:\/\/sunnysteve.com\/de\/wp-json\/wp\/v2\/tags?post=53615"}],"curies":[{"name":"wp","href":"https:\/\/api.w.org\/{rel}","templated":true}]}}